{"id":13175,"date":"2025-10-05T16:16:10","date_gmt":"2025-10-05T16:16:10","guid":{"rendered":"https:\/\/www.europesays.com\/lv\/13175\/"},"modified":"2025-10-05T16:16:10","modified_gmt":"2025-10-05T16:16:10","slug":"latvija-noverota-jauna-putnu-suga","status":"publish","type":"post","link":"https:\/\/www.europesays.com\/lv\/13175\/","title":{"rendered":"Latvij\u0101 nov\u0113rota jauna putnu suga"},"content":{"rendered":"<p>Bangu p\u012bli 1.oktobr\u012b Kolkasrag\u0101 paman\u012bjis putnu v\u0113rot\u0101js Edgars Smislovs, nor\u0101da LOB.<\/p>\n<p>L\u012bdz \u0161im Latvij\u0101 bija nov\u0113rotas \u010detras tum\u0161p\u012b\u013cu sugas, neskaitot bangu p\u012bli no Amerikas.<\/p>\n<p>LOB skaidro, ka visas tum\u0161p\u012b\u013cu sugas ir j\u016bras iem\u012btnieces, kas ligzdo zieme\u013cos, bet Latvijas piekrasti sasniedz gada aukst\u0101kajos m\u0113ne\u0161os.<\/p>\n<p>Latvij\u0101 parastas caurce\u013cot\u0101jas un ziemot\u0101jas ir tum\u0161\u0101 p\u012ble (Melanitta fusca) un meln\u0101 p\u012ble (Melanitta nigra), kuru ligzdo\u0161anas are\u0101ls ietver Baltijas j\u016bras zieme\u013cda\u013cu.<\/p>\n<p>Savuk\u0101rt 2020.gad\u0101 Latvij\u0101 pirmo reizi konstat\u0113ta Stejnegera p\u012ble (Melanitta stejnegeri) no Sib\u012brijas, kas l\u012bdz \u0161im Latvijas piekrast\u0113 bijusi nov\u0113rota 12 reizes. T\u0101pat 2022.gad\u0101 pirmo reizi konstat\u0113ta ar\u012b Amerikas meln\u0101 p\u012ble (Melanitta americana), kurai l\u012bdz \u0161im biju\u0161i tr\u012bs nov\u0113rojumi.<\/p>\n<p>LOB aicina zi\u0146ot par putnu nov\u0113rojumiem t\u012bmek\u013cvietn\u0113 &#8220;Dabasdati.lv&#8221; ar\u012b gad\u012bjum\u0101, ja nov\u0113rot\u0101 putna sugu nav iesp\u0113jams noteikt, pievienojot paz\u012bmi &#8220;nenoteikts&#8221;. Ja nov\u0113rojums ir fiks\u0113ts fotoatt\u0113l\u0101, putna sugu pal\u012bdz\u0113s noteikt port\u0101la &#8220;Dabasdati.lv&#8221; eksperti.<\/p>\n","protected":false},"excerpt":{"rendered":"Bangu p\u012bli 1.oktobr\u012b Kolkasrag\u0101 paman\u012bjis putnu v\u0113rot\u0101js Edgars Smislovs, nor\u0101da LOB. L\u012bdz \u0161im Latvij\u0101 bija nov\u0113rotas \u010detras tum\u0161p\u012b\u013cu&hellip;\n","protected":false},"author":2,"featured_media":13176,"comment_status":"","ping_status":"","sticky":false,"template":"","format":"standard","meta":{"footnotes":""},"categories":[12],"tags":[23,28,29,1153,32,33,22,30,31,35,39,38,36,37,34,40,20,4732,26,27,24,25,21],"class_list":{"0":"post-13175","1":"post","2":"type-post","3":"status-publish","4":"format-standard","5":"has-post-thumbnail","7":"category-latvija","8":"tag-aktualitates","9":"tag-breaking-news","10":"tag-breakingnews","11":"tag-daba","12":"tag-featured-news","13":"tag-featurednews","14":"tag-headlines","15":"tag-latest-news","16":"tag-latestnews","17":"tag-latvia","18":"tag-latvian","19":"tag-latviesu","20":"tag-latviesu-valoda","21":"tag-latviesuvaloda","22":"tag-latvija","23":"tag-lv","24":"tag-news","25":"tag-ornitologija","26":"tag-popularakas-zinas","27":"tag-popularakaszinas","28":"tag-top-stories","29":"tag-topstories","30":"tag-zinas"},"share_on_mastodon":{"url":"","error":""},"_links":{"self":[{"href":"https:\/\/www.europesays.com\/lv\/wp-json\/wp\/v2\/posts\/13175","targetHints":{"allow":["GET"]}}],"collection":[{"href":"https:\/\/www.europesays.com\/lv\/wp-json\/wp\/v2\/posts"}],"about":[{"href":"https:\/\/www.europesays.com\/lv\/wp-json\/wp\/v2\/types\/post"}],"author":[{"embeddable":true,"href":"https:\/\/www.europesays.com\/lv\/wp-json\/wp\/v2\/users\/2"}],"replies":[{"embeddable":true,"href":"https:\/\/www.europesays.com\/lv\/wp-json\/wp\/v2\/comments?post=13175"}],"version-history":[{"count":0,"href":"https:\/\/www.europesays.com\/lv\/wp-json\/wp\/v2\/posts\/13175\/revisions"}],"wp:featuredmedia":[{"embeddable":true,"href":"https:\/\/www.europesays.com\/lv\/wp-json\/wp\/v2\/media\/13176"}],"wp:attachment":[{"href":"https:\/\/www.europesays.com\/lv\/wp-json\/wp\/v2\/media?parent=13175"}],"wp:term":[{"taxonomy":"category","embeddable":true,"href":"https:\/\/www.europesays.com\/lv\/wp-json\/wp\/v2\/categories?post=13175"},{"taxonomy":"post_tag","embeddable":true,"href":"https:\/\/www.europesays.com\/lv\/wp-json\/wp\/v2\/tags?post=13175"}],"curies":[{"name":"wp","href":"https:\/\/api.w.org\/{rel}","templated":true}]}}