{"id":131881,"date":"2026-02-15T22:43:08","date_gmt":"2026-02-15T22:43:08","guid":{"rendered":"https:\/\/www.europesays.com\/lv\/131881\/"},"modified":"2026-02-15T22:43:08","modified_gmt":"2026-02-15T22:43:08","slug":"italu-gitaras-virtuozs-luka-strikanjoli-uzstasies-riga-lente-lv","status":"publish","type":"post","link":"https:\/\/www.europesays.com\/lv\/131881\/","title":{"rendered":"It\u0101\u013cu \u0123it\u0101ras virtuozs Luka Strikanjoli uzst\u0101sies R\u012bg\u0101\u00a0\u2014\u00a0Lente.lv"},"content":{"rendered":"<p>It\u0101\u013cu \u0123it\u0101ras virtuoza uzst\u0101\u0161an\u0101s R\u012bg\u0101<\/p>\n<p>27. febru\u0101r\u012b koncertz\u0101l\u0113 \u201cSp\u012bdola\u201d VEF kvart\u0101l\u0101 notiks unik\u0101ls muzik\u0101ls notikums \u2013 uzst\u0101sies starptautiski atz\u012btais it\u0101\u013cu akustisk\u0101s \u0123it\u0101ras virtuozs Luka Strikanjoli. K\u0101 inform\u0113 port\u0101ls jauns.lv, \u0161is koncerts ir da\u013ca no vi\u0146a Eiropas koncertt\u016bres \u201cHigh Voltage\u201d. Strikanjoli ir paz\u012bstams ar sav\u0101m neparastaj\u0101m un inovat\u012bvaj\u0101m \u0123it\u0101rsp\u0113les tehnik\u0101m, kas sp\u0113ju\u0161as apburt publiku vis\u0101 pasaul\u0113.<\/p>\n<p>Luka Strikanjoli, kur\u0161 dzimis Varez\u0113, It\u0101lijas zieme\u013cos, jau kop\u0161 10 gadu vecuma apguvis \u0123it\u0101rsp\u0113les m\u0101kslu. Vi\u0146a karjera ieguvusi strauju pav\u0113rsienu p\u0113c tam, kad vi\u0146\u0161 s\u0101cis eksperiment\u0113t ar netradicion\u0101l\u0101m sp\u0113les tehnik\u0101m, bie\u017ei vien apvienojot vair\u0101kus instrumentus un izmantojot savas rad\u012btas metodes. Vi\u0146a talants tika paman\u012bts jau agr\u0101 jaun\u012bb\u0101, uzvarot da\u017e\u0101dos jauno talantu \u0161ovos. B\u016bdams vien 22 gadus vecs, vi\u0146\u0161 k\u013cuva par vienu no pirmajiem it\u0101\u013cu \u0123it\u0101ristiem, ko paman\u012bja amerik\u0101\u0146u izdevniec\u012bba \u201cCandyRat Records\u201d, kas specializ\u0113jas \u0123it\u0101rm\u016bzik\u0101.<\/p>\n<p>Izr\u0101viens un starptautisk\u0101 atzin\u012bba<\/p>\n<p>\u012asts glob\u0101ls atzinums Strikanjoli guva 2015. gad\u0101, public\u0113jot savu interpret\u0101ciju le\u0123end\u0101rajai AC\/DC dziesmai \u201cThunderstruck\u201d. \u0160is video strauji k\u013cuva sens\u0101cija, g\u016bstot miljoniem skat\u012bjumu un atverot durvis uz pasaules koncertu skatuv\u0113m. Tikai m\u0113ne\u0161a laik\u0101 p\u0113c \u0161\u012b video public\u0113\u0161anas vi\u0146\u0161 sa\u0146\u0113ma pied\u0101v\u0101jumus uzst\u0101ties no visas pasaules. 2015. gada septembr\u012b sekoja pirm\u0101 koncertt\u016bre pa Lielbrit\u0101niju, kur vi\u0146\u0161 ieguva iev\u0113rojamu uzman\u012bbu \u201cLondon Acoustic Guitar Show\u201d. T\u0101 pa\u0161a gada oktobr\u012b izn\u0101ca vi\u0146a pirmais albums, kas guva pla\u0161u popularit\u0101ti un tika p\u0101rdots iev\u0113rojam\u0101s tir\u0101\u017e\u0101s. Gada izska\u0146\u0101 Luka uzst\u0101j\u0101s V\u0101cij\u0101, bet 2016. gad\u0101 vi\u0146a karjera turpin\u0101ja strauji augt, iek\u0101rojot \u0136\u012bnu un Skandin\u0101viju, un v\u0113l\u0101k sekoja veiksm\u012bgi koncerti ASV un Kan\u0101d\u0101.<\/p>\n<p>Unik\u0101l\u0101s sp\u0113les tehnikas<\/p>\n<p>Luka Strikanjoli ir unik\u0101ls ar savu sp\u0113ju vienlaikus sp\u0113l\u0113t uz div\u0101m, trim un pat piec\u0101m \u0123it\u0101r\u0101m. Vi\u0146a uzst\u0101\u0161an\u0101s bie\u017ei vien ietver ar\u012b neparastu tehniku izmanto\u0161anu, piem\u0113ram, sp\u0113l\u0113\u0161anu ar k\u0101j\u0101m. \u0160\u012b novatorisk\u0101 pieeja ir ieguvusi atzin\u012bbu pat no m\u016bzikas le\u0123end\u0101m. Paz\u012bstamais d\u017eeza \u0123it\u0101rists Stenlijs D\u017eordans, kur\u0161 sa\u0146\u0113mis \u010detras \u201cGrammy\u201d nomin\u0101cijas, ir atzinis, ka Strikanjoli ir papla\u0161in\u0101jis \u201cfingerstyle\u201d \u017eanru l\u012bdz pat \u201cfingerfootstyle\u201d. Vi\u0146a rad\u012bt\u0101s inov\u0101cijas, piem\u0113ram, \u201cReversed Triple Neck Guitar\u201d, ir guvu\u0161as pla\u0161u atzin\u012bbu un pal\u012bdz\u0113ju\u0161as att\u012bst\u012bt akustisk\u0101s \u0123it\u0101ras sp\u0113les tehnikas.<\/p>\n<p>Koncerts R\u012bg\u0101<\/p>\n<p>R\u012bgas koncert\u0101 VEF kvart\u0101la koncertz\u0101l\u0113 \u201cSp\u012bdola\u201d Strikanjoli prezent\u0113s savu jaun\u0101ko \u0161ovu, kas ir da\u013ca no vi\u0146a Eiropas t\u016bres. Paredzams, ka publika R\u012bg\u0101 var\u0113s baud\u012bt ne tikai virtuozu \u0123it\u0101rsp\u0113li, bet ar\u012b aizraujo\u0161u un interakt\u012bvu priek\u0161nesumu, kas bag\u0101tin\u0101ts ar m\u016bzi\u0137a st\u0101st\u012bjumiem un humoru. Bi\u013cetes uz pas\u0101kumu ir pieejamas kas\u0113s un tie\u0161saist\u0113.<\/p>\n","protected":false},"excerpt":{"rendered":"It\u0101\u013cu \u0123it\u0101ras virtuoza uzst\u0101\u0161an\u0101s R\u012bg\u0101 27. febru\u0101r\u012b koncertz\u0101l\u0113 \u201cSp\u012bdola\u201d VEF kvart\u0101l\u0101 notiks unik\u0101ls muzik\u0101ls notikums \u2013 uzst\u0101sies starptautiski&hellip;\n","protected":false},"author":2,"featured_media":131882,"comment_status":"","ping_status":"","sticky":false,"template":"","format":"standard","meta":{"footnotes":"","_share_on_mastodon":"0"},"categories":[19],"tags":[20854,89,29420,90,656,35,39,38,36,37,34,29419,40,5349],"class_list":["post-131881","post","type-post","status-publish","format-standard","has-post-thumbnail","category-izklaide","tag-akustiska-gitara","tag-entertainment","tag-gitaras-virtuozs","tag-izklaide","tag-koncerts-riga","tag-latvia","tag-latvian","tag-latviesu","tag-latviesu-valoda","tag-latviesuvaloda","tag-latvija","tag-luka-strikanjoli","tag-lv","tag-vef-kvartals"],"share_on_mastodon":{"url":"https:\/\/pubeurope.com\/@lv\/116077068438705794","error":""},"_links":{"self":[{"href":"https:\/\/www.europesays.com\/lv\/wp-json\/wp\/v2\/posts\/131881","targetHints":{"allow":["GET"]}}],"collection":[{"href":"https:\/\/www.europesays.com\/lv\/wp-json\/wp\/v2\/posts"}],"about":[{"href":"https:\/\/www.europesays.com\/lv\/wp-json\/wp\/v2\/types\/post"}],"author":[{"embeddable":true,"href":"https:\/\/www.europesays.com\/lv\/wp-json\/wp\/v2\/users\/2"}],"replies":[{"embeddable":true,"href":"https:\/\/www.europesays.com\/lv\/wp-json\/wp\/v2\/comments?post=131881"}],"version-history":[{"count":0,"href":"https:\/\/www.europesays.com\/lv\/wp-json\/wp\/v2\/posts\/131881\/revisions"}],"wp:featuredmedia":[{"embeddable":true,"href":"https:\/\/www.europesays.com\/lv\/wp-json\/wp\/v2\/media\/131882"}],"wp:attachment":[{"href":"https:\/\/www.europesays.com\/lv\/wp-json\/wp\/v2\/media?parent=131881"}],"wp:term":[{"taxonomy":"category","embeddable":true,"href":"https:\/\/www.europesays.com\/lv\/wp-json\/wp\/v2\/categories?post=131881"},{"taxonomy":"post_tag","embeddable":true,"href":"https:\/\/www.europesays.com\/lv\/wp-json\/wp\/v2\/tags?post=131881"}],"curies":[{"name":"wp","href":"https:\/\/api.w.org\/{rel}","templated":true}]}}