{"id":131915,"date":"2026-02-16T00:15:09","date_gmt":"2026-02-16T00:15:09","guid":{"rendered":"https:\/\/www.europesays.com\/lv\/131915\/"},"modified":"2026-02-16T00:15:09","modified_gmt":"2026-02-16T00:15:09","slug":"riga-uzstasies-gitarvirtuozs-luka-strikanjoli-kurs-spele-gitaru-ari-ar-kajam-lente-lv","status":"publish","type":"post","link":"https:\/\/www.europesays.com\/lv\/131915\/","title":{"rendered":"R\u012bg\u0101 uzst\u0101sies \u0123it\u0101rvirtuozs Luka Strikanjoli, kur\u0161 sp\u0113l\u0113 \u0123it\u0101ru ar\u012b ar k\u0101j\u0101m\u00a0\u2014\u00a0Lente.lv"},"content":{"rendered":"<p>Unik\u0101ls koncerts VEF Kvart\u0101la \u201eSp\u012bdol\u0101\u201d<\/p>\n<p>27. febru\u0101r\u012b VEF kvart\u0101la koncertz\u0101l\u0113 \u201eSp\u012bdola\u201d uzst\u0101sies pasaul\u0113 atz\u012btais it\u0101\u013cu akustisk\u0101s \u0123it\u0101ras virtuozs Luka Strikanjoli. Vi\u0146\u0161 ir paz\u012bstams ar sav\u0101m neparastaj\u0101m tehnik\u0101m, sp\u0113jot vienlaikus sp\u0113l\u0113t uz div\u0101m, trim un pat piec\u0101m \u0123it\u0101r\u0101m, k\u0101 ar\u012b izmantojot sp\u0113l\u0113 ar\u012b k\u0101jas. K\u0101 inform\u0113 port\u0101ls NRA.lv, \u0161\u012b unik\u0101l\u0101 pieeja ir papla\u0161in\u0101jusi tradicion\u0101l\u0101 \u201efingerstyle\u201d \u017eanra robe\u017eas, ko le\u0123end\u0101rais \u0123it\u0101rists Stenlijs D\u017eordans nod\u0113v\u0113jis par \u201efingerfootstyle\u201d.<\/p>\n<p>No Varezes l\u012bdz pasaules slavu<\/p>\n<p>Luka Strikanjoli dzimis Varezes pils\u0113t\u0101 It\u0101lijas zieme\u013cos. Savu muzik\u0101lo ce\u013cu vi\u0146\u0161 s\u0101cis jau 10 gadu vecum\u0101, apg\u016bstot \u0123it\u0101rsp\u0113li. Laika gait\u0101 Strikanjoli arvien vair\u0101k piev\u0113rsies netradicion\u0101l\u0101m tehnik\u0101m, eksperiment\u0113jot ar instrumentu un t\u0101 kombin\u0113\u0161anu ar citiem.<\/p>\n<p>Vi\u0146a talants tika paman\u012bts, un p\u0113c uzvar\u0101m jaunie\u0161u talantu \u0161ovos 22 gadu vecum\u0101 vi\u0146\u0161 k\u013cuva par vienu no pirmajiem it\u0101\u013cu \u0123it\u0101ristiem, kuriem uzman\u012bbu piev\u0113rsa amerik\u0101\u0146u \u0123it\u0101ras izdev\u0113js \u201eCandyRat Records\u201d. \u012asts l\u016bzuma punkts karjer\u0101 bija 2015. gad\u0101 public\u0113t\u0101 \u201eAC\/DC\u201d hita \u201eThunderstruck\u201d interpret\u0101cija, kas ieguva pla\u0161u atzin\u012bbu vis\u0101 pasaul\u0113 un atv\u0113ra durvis uz starptautiskiem koncertt\u016briem.<\/p>\n<p>\u201eHigh Voltage\u201d koncertt\u016bre Latvij\u0101<\/p>\n<p>Strikanjoli karjera ir bijusi strauja \u2013 p\u0113c pirmaj\u0101m turnej\u0101m Lielbrit\u0101nij\u0101, vi\u0146\u0161 ir uzst\u0101jies V\u0101cij\u0101, \u0136\u012bn\u0101, Skandin\u0101vij\u0101, ASV un Kan\u0101d\u0101. Vi\u0146a jaunais albums un \u0161ovs \u201eHigh Voltage\u201d nu non\u0101k ar\u012b Latvij\u0101. R\u012bg\u0101 m\u016bzi\u0137is prezent\u0113s savu unik\u0101lo priek\u0161nesumu, kur\u0101 demonstr\u0113s savas virtuoz\u0101s prasmes un inovat\u012bvos pa\u0146\u0113mienus.<\/p>\n<p>VEF Kvart\u0101la \u201eSp\u012bdola\u201d \u2013 moderna pas\u0101kumu norises vieta<\/p>\n<p>Koncertz\u0101le \u201eSp\u012bdola\u201d atrodas VEF kvart\u0101l\u0101 un ir m\u016bsdien\u012bga, daudzfunkcion\u0101la telpa, kas piem\u0113rota da\u017e\u0101da veida pas\u0101kumiem, tai skait\u0101 koncertiem. T\u0101s pirmaj\u0101 st\u0101v\u0101 ir 314 kvadr\u0101tmetru pla\u0161a z\u0101le ar septi\u0146us metrus augstiem griestiem, kas sp\u0113j uz\u0146emt l\u012bdz pat 250 apmekl\u0113t\u0101jiem.<\/p>\n","protected":false},"excerpt":{"rendered":"Unik\u0101ls koncerts VEF Kvart\u0101la \u201eSp\u012bdol\u0101\u201d 27. febru\u0101r\u012b VEF kvart\u0101la koncertz\u0101l\u0113 \u201eSp\u012bdola\u201d uzst\u0101sies pasaul\u0113 atz\u012btais it\u0101\u013cu akustisk\u0101s \u0123it\u0101ras virtuozs&hellip;\n","protected":false},"author":2,"featured_media":131916,"comment_status":"","ping_status":"","sticky":false,"template":"","format":"standard","meta":{"footnotes":"","_share_on_mastodon":"0"},"categories":[19],"tags":[89,29433,90,656,35,39,38,36,37,34,29419,40,5349,29434],"class_list":["post-131915","post","type-post","status-publish","format-standard","has-post-thumbnail","category-izklaide","tag-entertainment","tag-gitarmuzika","tag-izklaide","tag-koncerts-riga","tag-latvia","tag-latvian","tag-latviesu","tag-latviesu-valoda","tag-latviesuvaloda","tag-latvija","tag-luka-strikanjoli","tag-lv","tag-vef-kvartals","tag-virtuoza-uzstasanas"],"share_on_mastodon":{"url":"https:\/\/pubeurope.com\/@lv\/116077430221464273","error":""},"_links":{"self":[{"href":"https:\/\/www.europesays.com\/lv\/wp-json\/wp\/v2\/posts\/131915","targetHints":{"allow":["GET"]}}],"collection":[{"href":"https:\/\/www.europesays.com\/lv\/wp-json\/wp\/v2\/posts"}],"about":[{"href":"https:\/\/www.europesays.com\/lv\/wp-json\/wp\/v2\/types\/post"}],"author":[{"embeddable":true,"href":"https:\/\/www.europesays.com\/lv\/wp-json\/wp\/v2\/users\/2"}],"replies":[{"embeddable":true,"href":"https:\/\/www.europesays.com\/lv\/wp-json\/wp\/v2\/comments?post=131915"}],"version-history":[{"count":0,"href":"https:\/\/www.europesays.com\/lv\/wp-json\/wp\/v2\/posts\/131915\/revisions"}],"wp:featuredmedia":[{"embeddable":true,"href":"https:\/\/www.europesays.com\/lv\/wp-json\/wp\/v2\/media\/131916"}],"wp:attachment":[{"href":"https:\/\/www.europesays.com\/lv\/wp-json\/wp\/v2\/media?parent=131915"}],"wp:term":[{"taxonomy":"category","embeddable":true,"href":"https:\/\/www.europesays.com\/lv\/wp-json\/wp\/v2\/categories?post=131915"},{"taxonomy":"post_tag","embeddable":true,"href":"https:\/\/www.europesays.com\/lv\/wp-json\/wp\/v2\/tags?post=131915"}],"curies":[{"name":"wp","href":"https:\/\/api.w.org\/{rel}","templated":true}]}}