{"id":13220,"date":"2025-10-05T17:45:08","date_gmt":"2025-10-05T17:45:08","guid":{"rendered":"https:\/\/www.europesays.com\/lv\/13220\/"},"modified":"2025-10-05T17:45:08","modified_gmt":"2025-10-05T17:45:08","slug":"sniega-vetra-everesta-noskirusi-no-arpasaules-simtiem-cilveku","status":"publish","type":"post","link":"https:\/\/www.europesays.com\/lv\/13220\/","title":{"rendered":"Sniega v\u0113tra Everest\u0101 no\u0161\u0137\u012brusi no \u0101rpasaules simtiem cilv\u0113ku"},"content":{"rendered":"<p>\u0136\u012bnas valsts mediji zi\u0146o, ka Everesta kalna tibetie\u0161u pus\u0113 gandr\u012bz 1000 cilv\u0113ku ir iestr\u0113gu\u0161i alp\u012bnistu nometn\u0113s sniega v\u0113tra d\u0113\u013c. Zi\u0146ojumos teikts, ka \u0161odien, sv\u0113tdien, ir s\u0101kta gl\u0101b\u0161anas oper\u0101cija. Sniega masas blo\u0137\u0113 piebraucamos ce\u013cus un takas uz tel\u0161u nometn\u0113m, kas atrodas vair\u0101k nek\u0101 4900 metru augstum\u0101.<\/p>\n<p>Gl\u0101b\u0161anas komandas un simtiem ciema iedz\u012bvot\u0101ju str\u0101d\u0101, lai att\u012br\u012btu ce\u013cus. Da\u017ei t\u016bristi jau ir nog\u0101d\u0101ti dro\u0161\u012bb\u0101. Sp\u0113c\u012bgas snig\u0161anas s\u0101k\u0101s piektdienas vakar\u0101, p\u0113c k\u0101 iest\u0101des sestdienas vakar\u0101 sl\u0113dza piek\u013cuvi Everesta apvidum. Kaimi\u0146valst\u012b Nep\u0101l\u0101 kop\u0161 piektdienas sp\u0113c\u012bgo lietusg\u0101\u017eu un pl\u016bdu d\u0113\u013c ir g\u0101ju\u0161i boj\u0101 47 cilv\u0113ki.<\/p>\n<p>Da\u017e\u0101m alp\u012bnistu telt\u012bm 8849 metrus augstaj\u0101 Everest\u0101 v\u0113tra nodar\u012bjusi v\u0113r\u0101 \u0146emamus boj\u0101jumus. Saska\u0146\u0101 ar valsts zi\u0146u platformas Jimu Xinwen zi\u0146ojumu, notikuma viet\u0101 esot ar\u012b cietu\u0161ie. Par iesp\u0113jamiem boj\u0101 g\u0101ju\u0161ajiem pagaid\u0101m nav prec\u012bzas inform\u0101cijas.<\/p>\n<p><a href=\"https:\/\/www.tvnet.lv\/term\/591751\/everests\" class=\"topicLink\" target=\"_blank\" rel=\"nofollow noopener\">Everests<\/a> atrodas uz Nep\u0101las un \u0136\u012bnas robe\u017eas. Taj\u0101 var uzk\u0101pt no ab\u0101m valst\u012bm. Ar Nep\u0101las kalnu gidu, sauktu par \u0161erpu, pal\u012bdz\u012bbu un modern\u0101ko apr\u012bkojumu katru gadu simtiem \u0101rzemnieku sasniedz virsotni. Alp\u012bnistu atst\u0101t\u0101 nauda un citas izmaksas ir noz\u012bm\u012bgs Nep\u0101las ien\u0101kumu avots. \u0160aj\u0101 valst\u012b, ieskaitot Everestu, atrodas asto\u0146i no 14 kalniem, kuru augstums p\u0101rsniedz 8000 metrus.<\/p>\n","protected":false},"excerpt":{"rendered":"\u0136\u012bnas valsts mediji zi\u0146o, ka Everesta kalna tibetie\u0161u pus\u0113 gandr\u012bz 1000 cilv\u0113ku ir iestr\u0113gu\u0161i alp\u012bnistu nometn\u0113s sniega v\u0113tra&hellip;\n","protected":false},"author":2,"featured_media":13221,"comment_status":"","ping_status":"","sticky":false,"template":"","format":"standard","meta":{"footnotes":""},"categories":[14],"tags":[23,57,28,29,4753,32,33,22,30,31,35,39,38,36,37,34,40,20,26,27,24,25,54,55,56,21,58],"class_list":{"0":"post-13220","1":"post","2":"type-post","3":"status-publish","4":"format-standard","5":"has-post-thumbnail","7":"category-zinas-no-arvalstim","8":"tag-aktualitates","9":"tag-arvalstim","10":"tag-breaking-news","11":"tag-breakingnews","12":"tag-everests","13":"tag-featured-news","14":"tag-featurednews","15":"tag-headlines","16":"tag-latest-news","17":"tag-latestnews","18":"tag-latvia","19":"tag-latvian","20":"tag-latviesu","21":"tag-latviesu-valoda","22":"tag-latviesuvaloda","23":"tag-latvija","24":"tag-lv","25":"tag-news","26":"tag-popularakas-zinas","27":"tag-popularakaszinas","28":"tag-top-stories","29":"tag-topstories","30":"tag-world","31":"tag-world-news","32":"tag-worldnews","33":"tag-zinas","34":"tag-zinas-no-arvalstim"},"share_on_mastodon":{"url":"","error":""},"_links":{"self":[{"href":"https:\/\/www.europesays.com\/lv\/wp-json\/wp\/v2\/posts\/13220","targetHints":{"allow":["GET"]}}],"collection":[{"href":"https:\/\/www.europesays.com\/lv\/wp-json\/wp\/v2\/posts"}],"about":[{"href":"https:\/\/www.europesays.com\/lv\/wp-json\/wp\/v2\/types\/post"}],"author":[{"embeddable":true,"href":"https:\/\/www.europesays.com\/lv\/wp-json\/wp\/v2\/users\/2"}],"replies":[{"embeddable":true,"href":"https:\/\/www.europesays.com\/lv\/wp-json\/wp\/v2\/comments?post=13220"}],"version-history":[{"count":0,"href":"https:\/\/www.europesays.com\/lv\/wp-json\/wp\/v2\/posts\/13220\/revisions"}],"wp:featuredmedia":[{"embeddable":true,"href":"https:\/\/www.europesays.com\/lv\/wp-json\/wp\/v2\/media\/13221"}],"wp:attachment":[{"href":"https:\/\/www.europesays.com\/lv\/wp-json\/wp\/v2\/media?parent=13220"}],"wp:term":[{"taxonomy":"category","embeddable":true,"href":"https:\/\/www.europesays.com\/lv\/wp-json\/wp\/v2\/categories?post=13220"},{"taxonomy":"post_tag","embeddable":true,"href":"https:\/\/www.europesays.com\/lv\/wp-json\/wp\/v2\/tags?post=13220"}],"curies":[{"name":"wp","href":"https:\/\/api.w.org\/{rel}","templated":true}]}}