{"id":13242,"date":"2025-10-05T18:04:04","date_gmt":"2025-10-05T18:04:04","guid":{"rendered":"https:\/\/www.europesays.com\/lv\/13242\/"},"modified":"2025-10-05T18:04:04","modified_gmt":"2025-10-05T18:04:04","slug":"advokati-inesi-sulti-tur-aizdomas-par-piespiesanu-neliecinat-apjomiga-nelegalo-cigaresu-lieta","status":"publish","type":"post","link":"https:\/\/www.europesays.com\/lv\/13242\/","title":{"rendered":"Advok\u0101ti Inesi \u0160ulti tur aizdom\u0101s par piespie\u0161anu neliecin\u0101t apjom\u012bg\u0101 neleg\u0101lo cigare\u0161u liet\u0101"},"content":{"rendered":"<p>Policija ar\u012b piebilst, ka krat\u012b\u0161ana, k\u0101 to paredz likums, notika Latvijas Zv\u0113rin\u0101tu advok\u0101tu padomes p\u0101rst\u0101vja kl\u0101tb\u016btn\u0113. Tas ir bijis Aldis Liepi\u0146\u0161. \u0160\u012b krimin\u0101lprocesa uzraugo\u0161\u0101 prokurore Santa Berga ir sniegusi atbildi uz vienu no s\u016bdz\u012bb\u0101m, secinot, ka procesa virz\u012bt\u0101ja darb\u012bb\u0101 un r\u012bc\u012bb\u0101 p\u0101rk\u0101pumu nav.<\/p>\n<p>\u201cZiniet, ja tiek sa\u0146emtas zi\u0146as par iesp\u0113jamu noziedz\u012bgu nodar\u012bjumu, t\u0101s ir j\u0101p\u0101rbauda. Un tas nav atkar\u012bgs no personas statusa un ie\u0146emam\u0101 amata, vai vi\u0146\u0161 ir advok\u0101ts, vai vi\u0146\u0161 ir prokurors,\u201d min\u0113ja \u0122ener\u0101lprokurat\u016bras Krimin\u0101ltiesisk\u0101 departamenta Pirmstiesas krimin\u0101lprocesa un tiesved\u012bbas koordin\u0101cijas noda\u013cas virsprokurore Inga Niedre.<\/p>\n<p>Krimin\u0101lprocesu pret Inesi \u0160ulti s\u0101ka \u0161ogad august\u0101. Advok\u0101tei inkrimin\u0113 k\u0101da aizdom\u0101s tur\u0113t\u0101 nelikum\u012bgu iespaido\u0161anu nol\u016bk\u0101 pan\u0101kt, lai vi\u0146\u0161 atsak\u0101s no liec\u012bbas do\u0161anas un par \u0161\u0101d\u0101m darb\u012bb\u0101m, ja tas saist\u012bts ar vardarb\u012bbas piedraud\u0113jumu.<\/p>\n<p>Neofici\u0101li \u201cde facto\u201d ir zin\u0101ms, ka lieta pret advok\u0101ti ir izdal\u012bta no citas apjom\u012bgas lietas, kas ir saist\u012bta ar neleg\u0101lu cigare\u0161u apriti, kur valst\u012b rad\u012btais kait\u0113jums p\u0101rsniedz 59 miljonus eiro un kas ir saist\u012bta ar pag\u0101ju\u0161\u0101 gada nogal\u0113 atkl\u0101to neleg\u0101lo cigare\u0161u ra\u017eotni Ludz\u0101. Policijas ieskat\u0101, iesp\u0113jamais grup\u0113juma l\u012bderis \u2013 Latgal\u0113 ietekm\u012bgais uz\u0146\u0113m\u0113js Elm\u0101rs Laiz\u0101ns. No sarun\u0101m ar vair\u0101kiem avotiem \u201cde facto\u201d secina, ka advok\u0101te \u0160ulte, iesp\u0113jams, centusies iespaidot liec\u012bbas \u0161aj\u0101 liet\u0101.<\/p>\n<p>Advok\u0101tei Inesei \u0160ultei \u0161\u012b ir jau otr\u0101 krimin\u0101llieta. Pirm\u0101 ir saist\u012bta ar aizdom\u0101m par atbalstu noziedz\u012bgi ieg\u016btas naudas legaliz\u0113\u0161an\u0101. Proti, 2021. gad\u0101 k\u0101du vi\u0146as klientu aps\u016bdz\u0113ja narkotisko vielu nelikum\u012bg\u0101 glab\u0101\u0161an\u0101. Sprie\u017eot p\u0113c pirm\u0101s instances tiesas sprieduma materi\u0101liem, ma\u0161\u012bnas krat\u012b\u0161anas br\u012bd\u012b advok\u0101tei pien\u0101ca zi\u0146as mobilaj\u0101 lietotn\u0113 no aiztur\u0113t\u0101 dz\u012bvesbiedres \u2013 vi\u0146a l\u016bdza, lai advok\u0101te pavaic\u0101, kur vi\u0146u kop\u012bgaj\u0101 m\u0101j\u0101 ir pasl\u0113pta litra pudele ar naudu. Pudel\u0113 bija 6 t\u016bksto\u0161i eiro, ko tiesa v\u0113l\u0101k atzina par noziedz\u012bgi ieg\u016btiem. Advok\u0101te, visticam\u0101k, noskaidrojusi to no klienta, atbild\u0113ja \u2013 ka pudele atrodas b\u0113ni\u0146os st\u016br\u012b un ka nauda v\u0113l ir \u201ctumbo\u010dk\u0101\u201d pie gultas.<\/p>\n<p><a>Tiesa pirmaj\u0101 instanc\u0113 advok\u0101ti attaisnoja, uzskatot, ka vi\u0146a nav zin\u0101jusi par \u0161\u012bs naudas izcelsmi. Tam nepiekr\u012bt prokurors, kur\u0161 ir p\u0101rs\u016bdz\u0113jis \u0161o spriedumu. Lietu turpin\u0101s skat\u012bt n\u0101kam\u0101 gada j\u016blij\u0101.<\/a><\/p>\n<p>Abu krimin\u0101lprocesu d\u0113\u013c Zv\u0113rin\u0101tu advok\u0101tu padome, saska\u0146\u0101 ar likumu, \u0161ogad ir divreiz atst\u0101din\u0101jusi Inesi \u0160ulti no advok\u0101tu pien\u0101kumu pild\u012b\u0161anas.<\/p>\n","protected":false},"excerpt":{"rendered":"Policija ar\u012b piebilst, ka krat\u012b\u0161ana, k\u0101 to paredz likums, notika Latvijas Zv\u0113rin\u0101tu advok\u0101tu padomes p\u0101rst\u0101vja kl\u0101tb\u016btn\u0113. Tas ir&hellip;\n","protected":false},"author":2,"featured_media":13243,"comment_status":"","ping_status":"","sticky":false,"template":"","format":"standard","meta":{"footnotes":""},"categories":[12],"tags":[4757,23,28,29,685,32,33,22,995,1817,30,31,35,39,38,36,37,34,40,20,26,27,24,25,21],"class_list":{"0":"post-13242","1":"post","2":"type-post","3":"status-publish","4":"format-standard","5":"has-post-thumbnail","7":"category-latvija","8":"tag-advokats","9":"tag-aktualitates","10":"tag-breaking-news","11":"tag-breakingnews","12":"tag-de-facto","13":"tag-featured-news","14":"tag-featurednews","15":"tag-headlines","16":"tag-kontrabanda","17":"tag-kontrabandas-cigaretes","18":"tag-latest-news","19":"tag-latestnews","20":"tag-latvia","21":"tag-latvian","22":"tag-latviesu","23":"tag-latviesu-valoda","24":"tag-latviesuvaloda","25":"tag-latvija","26":"tag-lv","27":"tag-news","28":"tag-popularakas-zinas","29":"tag-popularakaszinas","30":"tag-top-stories","31":"tag-topstories","32":"tag-zinas"},"share_on_mastodon":{"url":"","error":""},"_links":{"self":[{"href":"https:\/\/www.europesays.com\/lv\/wp-json\/wp\/v2\/posts\/13242","targetHints":{"allow":["GET"]}}],"collection":[{"href":"https:\/\/www.europesays.com\/lv\/wp-json\/wp\/v2\/posts"}],"about":[{"href":"https:\/\/www.europesays.com\/lv\/wp-json\/wp\/v2\/types\/post"}],"author":[{"embeddable":true,"href":"https:\/\/www.europesays.com\/lv\/wp-json\/wp\/v2\/users\/2"}],"replies":[{"embeddable":true,"href":"https:\/\/www.europesays.com\/lv\/wp-json\/wp\/v2\/comments?post=13242"}],"version-history":[{"count":0,"href":"https:\/\/www.europesays.com\/lv\/wp-json\/wp\/v2\/posts\/13242\/revisions"}],"wp:featuredmedia":[{"embeddable":true,"href":"https:\/\/www.europesays.com\/lv\/wp-json\/wp\/v2\/media\/13243"}],"wp:attachment":[{"href":"https:\/\/www.europesays.com\/lv\/wp-json\/wp\/v2\/media?parent=13242"}],"wp:term":[{"taxonomy":"category","embeddable":true,"href":"https:\/\/www.europesays.com\/lv\/wp-json\/wp\/v2\/categories?post=13242"},{"taxonomy":"post_tag","embeddable":true,"href":"https:\/\/www.europesays.com\/lv\/wp-json\/wp\/v2\/tags?post=13242"}],"curies":[{"name":"wp","href":"https:\/\/api.w.org\/{rel}","templated":true}]}}