{"id":13244,"date":"2025-10-05T18:05:08","date_gmt":"2025-10-05T18:05:08","guid":{"rendered":"https:\/\/www.europesays.com\/lv\/13244\/"},"modified":"2025-10-05T18:05:08","modified_gmt":"2025-10-05T18:05:08","slug":"noskaties-%e2%9f%a9-bijusajam-rigas-centraltirgus-vaditajam-ari-otra-tiesu-instance-piemero-cietumsodu","status":"publish","type":"post","link":"https:\/\/www.europesays.com\/lv\/13244\/","title":{"rendered":"NOSKATIES \u27e9 Biju\u0161ajam R\u012bgas Centr\u0101ltirgus vad\u012bt\u0101jam ar\u012b otr\u0101 tiesu instance piem\u0113ro cietumsodu"},"content":{"rendered":"<p>Vit\u0101lijs Litvins, biju\u0161ais \u201cR\u012bgas Centr\u0101ltirgus\u201d pl\u0101no\u0161anas da\u013cas koordinators<\/p>\n<p>\u201cEs pagaid\u0101m bez koment\u0101riem\u201d<\/p>\n<p>Abramovs aps\u016bdz\u0113ts ar\u012b par dienesta st\u0101vok\u013ca \u013caunpr\u0101t\u012bgu izmanto\u0161anu kop\u0101 ar k\u0101dreiz\u0113jo tirgus pl\u0101no\u0161anas da\u013cas koordinatoru Vit\u0101liju Litvinu, kur\u0161 savulaik kandid\u0113jis ar\u012b no \u201cSaska\u0146as \u201c saraksta Jelgavas dom\u0113.<\/p>\n<p>Prokurat\u016br\u0101 uzskata, ka abi vienoju\u0161ies organiz\u0113t\u0101 grup\u0101 piesavin\u0101ties kapit\u0101lsabiedr\u012bbas l\u012bdzek\u013cus liel\u0101 apm\u0113r\u0101 .Tiku\u0161i iesaist\u012bti ar\u012b pak\u013caut\u012bb\u0101 eso\u0161ie tirgus darbinieki, kuru pien\u0101kumos bijis iekas\u0113t no komersantiem naudu par iznom\u0101taj\u0101m plat\u012bb\u0101m t\u0101 d\u0113v\u0113taj\u0101 nakts tirg\u016b.<\/p>\n<p>Neiev\u0113rojot k\u0101rt\u012bbu par skaidras naudas iekas\u0113\u0161anu, sa\u0146emot nomas maksu no tirgot\u0101jiem, da\u013cai neizdeva \u010dekus. Katras mai\u0146as beig\u0101s tirgus uzraugi t\u0101d\u0101 veid\u0101 sa\u0146emto skaidro naudu ielika aploksn\u0113 un sadal\u012bja ar priek\u0161niec\u012bbu.<\/p>\n<p>M\u0101ris Tru\u0161els, R\u012bgas tiesas apgabala prokurat\u016bras prokurors<\/p>\n<p>Ne visos gad\u012bjumos tika izsniegti \u010deki par skaidras naudas sa\u0146em\u0161anu un t\u0101l\u0101k jau \u0161ie darbinieki da\u013cu naudas patur\u0113ja sev, da\u013cu atdeva amatperson\u0101m, kuras to sadal\u012bja sav\u0101 starp\u0101.<\/p>\n<p>\u0160\u012b sh\u0113ma darboj\u0101s nepilnu gadu.<\/p>\n<p>NP: K\u0101ds ir kop\u0113jais nodar\u012btais zaud\u0113jums?<\/p>\n<p>Nepilni 24 t\u016bksto\u0161i eiro<\/p>\n<p>Nakts tirgus lieta patlaban ir kas\u0101cijas instanc\u0113. Ta\u010du divas tiesu instances l\u0113mu\u0161as par cietumsodu k\u0101dreiz\u0113jam tirgus vad\u012bt\u0101jam. Bet Litvins sod\u012bts ar nosac\u012btu br\u012bv\u012bbas at\u0146em\u0161anu, jo da\u013c\u0113ji atzinis vainu.<\/p>\n<p>M\u0101ris Tru\u0161els, R\u012bgas tiesas apgabala prokurat\u016bras prokurors<\/p>\n<p>Man\u0101 ieskat\u0101 \u0161ie faktori, kas veicin\u0101ja noziedz\u012bga nodar\u012bjuma izdar\u012b\u0161anu bija gan \u0161\u012bs skaidr\u0101s naudas aprite, gan ar\u012b tas, ka \u0161\u012bm pa\u0161\u0101m amatperson\u0101m bija j\u0101veic \u0161\u012b uzraudz\u012bba un kontrole, ko vi\u0146as neveica.<\/p>\n","protected":false},"excerpt":{"rendered":"Vit\u0101lijs Litvins, biju\u0161ais \u201cR\u012bgas Centr\u0101ltirgus\u201d pl\u0101no\u0161anas da\u013cas koordinators \u201cEs pagaid\u0101m bez koment\u0101riem\u201d Abramovs aps\u016bdz\u0113ts ar\u012b par dienesta st\u0101vok\u013ca&hellip;\n","protected":false},"author":2,"featured_media":13245,"comment_status":"","ping_status":"","sticky":false,"template":"","format":"standard","meta":{"footnotes":""},"categories":[5],"tags":[668,23,28,29,3540,32,33,22,4027,30,31,35,39,38,36,37,34,40,20,26,27,172,3541,24,25,21],"class_list":{"0":"post-13244","1":"post","2":"type-post","3":"status-publish","4":"format-standard","5":"has-post-thumbnail","7":"category-aktualitates","8":"tag-neka-personiga","9":"tag-aktualitates","10":"tag-breaking-news","11":"tag-breakingnews","12":"tag-centraltirgus","13":"tag-featured-news","14":"tag-featurednews","15":"tag-headlines","16":"tag-knab","17":"tag-latest-news","18":"tag-latestnews","19":"tag-latvia","20":"tag-latvian","21":"tag-latviesu","22":"tag-latviesu-valoda","23":"tag-latviesuvaloda","24":"tag-latvija","25":"tag-lv","26":"tag-news","27":"tag-popularakas-zinas","28":"tag-popularakaszinas","29":"tag-riga","30":"tag-rigas-centraltirgus","31":"tag-top-stories","32":"tag-topstories","33":"tag-zinas"},"share_on_mastodon":{"url":"","error":""},"_links":{"self":[{"href":"https:\/\/www.europesays.com\/lv\/wp-json\/wp\/v2\/posts\/13244","targetHints":{"allow":["GET"]}}],"collection":[{"href":"https:\/\/www.europesays.com\/lv\/wp-json\/wp\/v2\/posts"}],"about":[{"href":"https:\/\/www.europesays.com\/lv\/wp-json\/wp\/v2\/types\/post"}],"author":[{"embeddable":true,"href":"https:\/\/www.europesays.com\/lv\/wp-json\/wp\/v2\/users\/2"}],"replies":[{"embeddable":true,"href":"https:\/\/www.europesays.com\/lv\/wp-json\/wp\/v2\/comments?post=13244"}],"version-history":[{"count":0,"href":"https:\/\/www.europesays.com\/lv\/wp-json\/wp\/v2\/posts\/13244\/revisions"}],"wp:featuredmedia":[{"embeddable":true,"href":"https:\/\/www.europesays.com\/lv\/wp-json\/wp\/v2\/media\/13245"}],"wp:attachment":[{"href":"https:\/\/www.europesays.com\/lv\/wp-json\/wp\/v2\/media?parent=13244"}],"wp:term":[{"taxonomy":"category","embeddable":true,"href":"https:\/\/www.europesays.com\/lv\/wp-json\/wp\/v2\/categories?post=13244"},{"taxonomy":"post_tag","embeddable":true,"href":"https:\/\/www.europesays.com\/lv\/wp-json\/wp\/v2\/tags?post=13244"}],"curies":[{"name":"wp","href":"https:\/\/api.w.org\/{rel}","templated":true}]}}