{"id":132457,"date":"2026-02-16T14:25:18","date_gmt":"2026-02-16T14:25:18","guid":{"rendered":"https:\/\/www.europesays.com\/lv\/132457\/"},"modified":"2026-02-16T14:25:18","modified_gmt":"2026-02-16T14:25:18","slug":"petijuma-noskaidrots-kuros-lielveikalos-latvija-somenes-ir-letak-iegadaties-partiku","status":"publish","type":"post","link":"https:\/\/www.europesays.com\/lv\/132457\/","title":{"rendered":"P\u0113t\u012bjum\u0101 noskaidrots, kuros lielveikalos Latvij\u0101 \u0161om\u0113nes ir l\u0113t\u0101k ieg\u0101d\u0101ties p\u0101rtiku"},"content":{"rendered":"<p>P\u0113t\u012bjum\u0101 sal\u012bdzin\u0101tas bie\u017e\u0101k pat\u0113r\u0113to pre\u010du groza vid\u0113j\u0101s cenas veikalu t\u012bklos &#8220;Maxima&#8221;, &#8220;Lidl&#8221;, &#8220;Rimi&#8221;, &#8220;Mego&#8221; un &#8220;top!&#8221;, apsekojot veikalus R\u012bg\u0101 un Daugavpil\u012b.<\/p>\n<p>P\u0113t\u012bjumam izv\u0113l\u0113ts 28 bie\u017e\u0101k pirkto pre\u010du grozs, kur\u0101 iek\u013cauti aug\u013ci, d\u0101rze\u0146i, putraimi, makaroni, e\u013c\u013ca, piens un piena produkti, maize, ga\u013ca un ga\u013cas produkti, cukurs, tum\u0161\u0101 \u0161okol\u0101de, neg\u0101z\u0113ts miner\u0101l\u016bdens, k\u0101 ar\u012b citi dz\u0113rieni.<\/p>\n<blockquote class=\"quote ck-widget\" contenteditable=\"false\">\n<p>P\u0113t\u012bjum\u0101 konstat\u0113ts, ka izv\u0113l\u0113t\u0101 produktu groza kop\u0113j\u0101 cena sv\u0101rst\u012bj\u0101s no 39,69 eiro l\u012bdz 53,52 eiro atkar\u012bb\u0101 no tirgot\u0101ja un pils\u0113tas, kur\u0101 veikals atrodas.<\/p>\n<\/blockquote>\n<p>&#8220;Mego&#8221; veikalos pirc\u0113jam par to n\u0101ktos maks\u0101t vid\u0113ji 53,02 eiro, veikalos &#8220;top!&#8221; &#8211; 51,43 eiro, &#8220;Rimi&#8221; &#8211; 44,22 eiro, &#8220;Maxima&#8221; &#8211; 43,98 eiro, bet &#8220;Lidl&#8221; &#8211; 39,75 eiro.<\/p>\n<p>T\u0101pat p\u0113t\u012bjum\u0101 konstat\u0113ts, ka &#8220;Lidl&#8221; veikalu t\u012bkl\u0101 gandr\u012bz nebija at\u0161\u0137ir\u012bbu cen\u0101s produktiem atkar\u012bb\u0101 no t\u0101, vai tie nop\u0113rkami veikal\u0101 R\u012bg\u0101 vai Daugavpil\u012b.<\/p>\n<p>Savuk\u0101rt liel\u0101k\u0101 produktu groza cenas at\u0161\u0137ir\u012bba starp pils\u0113t\u0101m tika konstat\u0113ta veikalu t\u012bkl\u0101 &#8220;top!&#8221;, kur t\u0101 sasniedza 2,23 eiro. Ar\u012b &#8220;Mego&#8221; veikalu t\u012bkl\u0101 at\u0161\u0137ir\u012bba starp produktu cen\u0101m veikalos R\u012bg\u0101 un Daugavpil\u012b bija 1 eiro.<\/p>\n","protected":false},"excerpt":{"rendered":"P\u0113t\u012bjum\u0101 sal\u012bdzin\u0101tas bie\u017e\u0101k pat\u0113r\u0113to pre\u010du groza vid\u0113j\u0101s cenas veikalu t\u012bklos &#8220;Maxima&#8221;, &#8220;Lidl&#8221;, &#8220;Rimi&#8221;, &#8220;Mego&#8221; un &#8220;top!&#8221;, apsekojot veikalus&hellip;\n","protected":false},"author":2,"featured_media":8921,"comment_status":"","ping_status":"","sticky":false,"template":"","format":"standard","meta":{"footnotes":"","_share_on_mastodon":"0"},"categories":[12],"tags":[23,28,29,32,33,22,30,31,35,39,38,36,37,34,40,3546,20,3843,591,26,27,733,3545,24,25,21],"class_list":["post-132457","post","type-post","status-publish","format-standard","has-post-thumbnail","category-latvija","tag-aktualitates","tag-breaking-news","tag-breakingnews","tag-featured-news","tag-featurednews","tag-headlines","tag-latest-news","tag-latestnews","tag-latvia","tag-latvian","tag-latviesu","tag-latviesu-valoda","tag-latviesuvaloda","tag-latvija","tag-lv","tag-mazumtirdznieciba","tag-news","tag-partika","tag-partikas-produkti","tag-popularakas-zinas","tag-popularakaszinas","tag-tirdznieciba","tag-tirdznieciba-un-pakalpojumi","tag-top-stories","tag-topstories","tag-zinas"],"share_on_mastodon":{"url":"https:\/\/pubeurope.com\/@lv\/116080772721524207","error":""},"_links":{"self":[{"href":"https:\/\/www.europesays.com\/lv\/wp-json\/wp\/v2\/posts\/132457","targetHints":{"allow":["GET"]}}],"collection":[{"href":"https:\/\/www.europesays.com\/lv\/wp-json\/wp\/v2\/posts"}],"about":[{"href":"https:\/\/www.europesays.com\/lv\/wp-json\/wp\/v2\/types\/post"}],"author":[{"embeddable":true,"href":"https:\/\/www.europesays.com\/lv\/wp-json\/wp\/v2\/users\/2"}],"replies":[{"embeddable":true,"href":"https:\/\/www.europesays.com\/lv\/wp-json\/wp\/v2\/comments?post=132457"}],"version-history":[{"count":0,"href":"https:\/\/www.europesays.com\/lv\/wp-json\/wp\/v2\/posts\/132457\/revisions"}],"wp:featuredmedia":[{"embeddable":true,"href":"https:\/\/www.europesays.com\/lv\/wp-json\/wp\/v2\/media\/8921"}],"wp:attachment":[{"href":"https:\/\/www.europesays.com\/lv\/wp-json\/wp\/v2\/media?parent=132457"}],"wp:term":[{"taxonomy":"category","embeddable":true,"href":"https:\/\/www.europesays.com\/lv\/wp-json\/wp\/v2\/categories?post=132457"},{"taxonomy":"post_tag","embeddable":true,"href":"https:\/\/www.europesays.com\/lv\/wp-json\/wp\/v2\/tags?post=132457"}],"curies":[{"name":"wp","href":"https:\/\/api.w.org\/{rel}","templated":true}]}}