{"id":13257,"date":"2025-10-05T18:28:08","date_gmt":"2025-10-05T18:28:08","guid":{"rendered":"https:\/\/www.europesays.com\/lv\/13257\/"},"modified":"2025-10-05T18:28:08","modified_gmt":"2025-10-05T18:28:08","slug":"laika-prognoze-jaunajai-nedelai-liek-meklet-gumijas-zabakus-tvnet-laika-zinas","status":"publish","type":"post","link":"https:\/\/www.europesays.com\/lv\/13257\/","title":{"rendered":"Laika prognoze jaunajai ned\u0113\u013cai liek mekl\u0113t gumijas z\u0101bakus &#8211; TVNET &#8211; Laika zi\u0146as"},"content":{"rendered":"<ol>\n<li><a href=\"https:\/\/news.google.com\/rss\/articles\/CBMilwFBVV95cUxQSElMNFFtWkUwTkZwajM4ak9QMHA2a3I1NlRCdGxJNnBYOGluR09Jcnk4c2VRYXVNQklJZU5ic1RxeFE1NlVIRUlianlpZ281U3A4Qm9ROUxqYXdoeVdRRFZRRXpacnd4Mkw4ZHJPejQ3WlJDbk5oeE9lUDJIS2E0bmVNM3hFOU4zSkh3YWFxZW80bEV0MHVJ?oc=5\" target=\"_blank\" rel=\"nofollow noopener\">Laika prognoze jaunajai ned\u0113\u013cai liek mekl\u0113t gumijas z\u0101bakus<\/a>&nbsp;&nbsp;TVNET &#8211; Laika zi\u0146as<\/li>\n<li><a href=\"https:\/\/news.google.com\/rss\/articles\/CBMidEFVX3lxTE1kNUFfOTR3eEQzSW5zRjZBbnZJU3NUbjMxV1NLRWVjNGVCeUFpVzRSTnZPVVljS0szTXBKNGxKQ2VzejVveXlpZ21CVUpnUkpzOHdBazZXS0NueGFZSkU5RHlkZzk5ZEoxUUZSVndGdGs2ejd6?oc=5\" target=\"_blank\" rel=\"nofollow noopener\">Gaid\u0101ma v\u0113l viena silt\u0101ka ned\u0113\u013ca<\/a>&nbsp;&nbsp;NRA<\/li>\n<li><a href=\"https:\/\/news.google.com\/rss\/articles\/CBMiwgFBVV95cUxPV25jLWVrdE5WcFRoQVZpZzBFSFVxM0xXU0RPakZUS1NhSDFtSElHaDZYYUV0SGdxT3hUNXh5Z1JacUlZLVVKUTlXUFFlZGhLZzZYTTdBMVBOTDF2ME1vbE93TU1uX2FyajlmOFdjOFh4dGpMWGRWTUFRU1hVV1FQbUU1NHkxWGdHbUZDTm9rSHF4dF9Tb0VrMkFvVlp1VFNrRmZsZUxUVmoxaXc5OVNjOEZTQ2pFWEdIYk9TNkNTWmpMdw?oc=5\" target=\"_blank\" rel=\"nofollow noopener\">Piektdien b\u016btiskas izmai\u0146as laikapst\u0101k\u013cos nav gaid\u0101mas \/ Raksts<\/a>&nbsp;&nbsp;LSM<\/li>\n<li><a href=\"https:\/\/news.google.com\/rss\/articles\/CBMisAFBVV95cUxNTmlHcXlUbi1CTUgzRzgyV0VscVVObEpsTFFHaDRJQmp0S045ZjVTdFZNZWNITGtfTGR4WEpQazhCRUZPYmNZN2hPRXpSaklFWnRqa3pDdUk2RDByQ0lGU3V4NS0xVHItLVhlODFVd2FPdmJjUEdhZWZQNE42UUc5cUNEUGtzMVpUQUxBSnh4TjlObUlhZmFETFRKNW1XVWxudk1zdnpjeGtYYWhLME53dQ?oc=5\" target=\"_blank\" rel=\"nofollow noopener\">Rudens kl\u0101t! Sinopti\u0137i br\u012bdina par kras\u0101m laikapst\u0101k\u013cu p\u0101rmai\u0146\u0101m br\u012bvdien\u0101s<\/a>&nbsp;&nbsp;Jauns.lv<\/li>\n<li><a href=\"https:\/\/news.google.com\/rss\/articles\/CBMiiwFBVV95cUxOWXZuM0djZ1lKYmNidVlWLURUX3JVXzJlNWJFYXNXWGxvQmNsUFJ1NGE3NHNYV3VxdzhyNEE3S3MyMElmUXlSMVdiMHlpejhzRHhZY3c5TEU4amVLc1R1NDVOMXhXLTlXWHZYd2tTdkV5TUZvSVEzc1BXY1pSTGVqM3o5NGExcFJYdTJB?oc=5\" target=\"_blank\" rel=\"nofollow noopener\">N\u0101kamned\u0113\u013c k\u013c\u016bs lietain\u0101ks un v\u0113jain\u0101ks<\/a>&nbsp;&nbsp;BauskasDzive.lv<\/li>\n<\/ol>\n","protected":false},"excerpt":{"rendered":"Laika prognoze jaunajai ned\u0113\u013cai liek mekl\u0113t gumijas z\u0101bakus&nbsp;&nbsp;TVNET &#8211; Laika zi\u0146as Gaid\u0101ma v\u0113l viena silt\u0101ka ned\u0113\u013ca&nbsp;&nbsp;NRA Piektdien b\u016btiskas&hellip;\n","protected":false},"author":2,"featured_media":13258,"comment_status":"","ping_status":"","sticky":false,"template":"","format":"standard","meta":{"footnotes":""},"categories":[12],"tags":[23,28,29,32,33,22,396,397,30,31,35,39,38,36,37,34,40,20,26,27,24,25,21],"class_list":{"0":"post-13257","1":"post","2":"type-post","3":"status-publish","4":"format-standard","5":"has-post-thumbnail","7":"category-latvija","8":"tag-aktualitates","9":"tag-breaking-news","10":"tag-breakingnews","11":"tag-featured-news","12":"tag-featurednews","13":"tag-headlines","14":"tag-laika-zinas","15":"tag-laikapstakli","16":"tag-latest-news","17":"tag-latestnews","18":"tag-latvia","19":"tag-latvian","20":"tag-latviesu","21":"tag-latviesu-valoda","22":"tag-latviesuvaloda","23":"tag-latvija","24":"tag-lv","25":"tag-news","26":"tag-popularakas-zinas","27":"tag-popularakaszinas","28":"tag-top-stories","29":"tag-topstories","30":"tag-zinas"},"share_on_mastodon":{"url":"","error":""},"_links":{"self":[{"href":"https:\/\/www.europesays.com\/lv\/wp-json\/wp\/v2\/posts\/13257","targetHints":{"allow":["GET"]}}],"collection":[{"href":"https:\/\/www.europesays.com\/lv\/wp-json\/wp\/v2\/posts"}],"about":[{"href":"https:\/\/www.europesays.com\/lv\/wp-json\/wp\/v2\/types\/post"}],"author":[{"embeddable":true,"href":"https:\/\/www.europesays.com\/lv\/wp-json\/wp\/v2\/users\/2"}],"replies":[{"embeddable":true,"href":"https:\/\/www.europesays.com\/lv\/wp-json\/wp\/v2\/comments?post=13257"}],"version-history":[{"count":0,"href":"https:\/\/www.europesays.com\/lv\/wp-json\/wp\/v2\/posts\/13257\/revisions"}],"wp:featuredmedia":[{"embeddable":true,"href":"https:\/\/www.europesays.com\/lv\/wp-json\/wp\/v2\/media\/13258"}],"wp:attachment":[{"href":"https:\/\/www.europesays.com\/lv\/wp-json\/wp\/v2\/media?parent=13257"}],"wp:term":[{"taxonomy":"category","embeddable":true,"href":"https:\/\/www.europesays.com\/lv\/wp-json\/wp\/v2\/categories?post=13257"},{"taxonomy":"post_tag","embeddable":true,"href":"https:\/\/www.europesays.com\/lv\/wp-json\/wp\/v2\/tags?post=13257"}],"curies":[{"name":"wp","href":"https:\/\/api.w.org\/{rel}","templated":true}]}}