{"id":13287,"date":"2025-10-05T19:22:08","date_gmt":"2025-10-05T19:22:08","guid":{"rendered":"https:\/\/www.europesays.com\/lv\/13287\/"},"modified":"2025-10-05T19:22:08","modified_gmt":"2025-10-05T19:22:08","slug":"nakamas-nedelas-vidu-pastiprinasies-lietus-un-vejs","status":"publish","type":"post","link":"https:\/\/www.europesays.com\/lv\/13287\/","title":{"rendered":"N\u0101kam\u0101s ned\u0113\u013cas vid\u016b pastiprin\u0101sies lietus un v\u0113j\u0161"},"content":{"rendered":"<p>Pirmdiena un otrdiena b\u016bs saus\u0101k\u0101s \u0161\u012bs ned\u0113\u013cas dienas, tikai viet\u0101m b\u016bs neliels lietus. Tom\u0113r no ned\u0113\u013cas vidus Latvijai atkal pietuvosies jauns ciklons, k\u0101 rezult\u0101t\u0101 teritoriju \u0161\u0137\u0113rsos jaunas nokri\u0161\u0146u zonas, un ar\u012b v\u0113j\u0161 atkal k\u013c\u016bs br\u0101zmains.<\/p>\n<p>Pirmdien debesis kl\u0101s m\u0101ko\u0146i, bet viet\u0101m laiks skaidrosies. Nakt\u012b galvenok\u0101rt rietumu un centr\u0101lajos rajonos palaikam gaid\u0101ms lietus, viet\u0101m Kurzem\u0113 iesp\u0113jamas lietusg\u0101zes un p\u0113rkona negaiss. No r\u012bta lietus mit\u0113sies, un diena aizrit\u0113s bez b\u016btiskiem nokri\u0161\u0146iem. P\u016bt\u012bs l\u0113ns l\u012bdz m\u0113rens dienvidu, dienvidrietumu v\u0113j\u0161, kas nakt\u012b j\u016bras piekrast\u0113 br\u0101zm\u0101s sasniegs 15-17 metrus sekund\u0113, bet dien\u0101 iegriez\u012bsies no dienvidiem, dienvidaustrumiem. Temperat\u016bra nakt\u012b pazemin\u0101sies l\u012bdz +6\u2026+10 gr\u0101diem, bet dien\u0101 gaiss iesils tikai l\u012bdz +11\u2026+14 gr\u0101diem.<\/p>\n<p>Otrdien un tre\u0161dien saglab\u0101sies m\u0101ko\u0146ains laiks, br\u012b\u017eiem debes\u012bm skaidrojoties. Otrdien palaikam gaid\u0101ms neliels lietus.<\/p>\n<p>Savuk\u0101rt, s\u0101kot ar tre\u0161dienas r\u012btu, valsts teritoriju no rietumu puses \u0161\u0137\u0113rsos pla\u0161a nokri\u0161\u0146u zona &#8211; rietumu un centr\u0101lajos rajonos l\u012bs, bet austrumu rajonos lietus gaid\u0101ms ceturtdien.<\/p>\n<p>Piektdien valsti no rietumiem jau atkal \u0161\u0137\u0113rsos jauna nokri\u0161\u0146u zona, kas atnes\u012bs lietu vis\u0101 valsts teritorij\u0101, un pastiprin\u0101sies ar\u012b v\u0113j\u0161.<\/p>\n<p>Otrdien un tre\u0161dien nakts stund\u0101s gaiss atdzis\u012bs l\u012bdz +3\u2026+8 gr\u0101diem, savuk\u0101rt piekrast\u0113 un viet\u0101m ar\u012b Kurzem\u0113 b\u016bs nedaudz silt\u0101k &#8211; l\u012bdz +8\u2026+12 gr\u0101diem. Ceturtdien un piektdien nakt\u012b zem m\u0101ko\u0146u segas neb\u016bs aukst\u0101k par +7\u2026+12 gr\u0101diem. Dien\u0101s gaiss iesils l\u012bdz +12\u2026+15 gr\u0101diem.<\/p>\n<p>Ar\u012b br\u012bvdien\u0101s bie\u017ei var\u0113s nov\u0113rot lietus m\u0101ko\u0146us, kas piekrast\u0113 atnes\u012bs stipr\u0101kus nokri\u0161\u0146us. V\u0113j\u0161 iegriez\u012bsies no rietumiem, zieme\u013crietumiem un piekrast\u0113 pastiprin\u0101sies br\u0101zm\u0101s 15-16 metriem sekund\u0113. Gaiss k\u013c\u016bs v\u0113s\u0101ks, nakt\u012bs atdziestot l\u012bdz +4&#8230;+9 gr\u0101diem, bet dien\u0101s tikai viet\u0101m termometra stabi\u0146\u0161 pak\u0101psies augst\u0101k par +10 gr\u0101diem.<\/p>\n","protected":false},"excerpt":{"rendered":"Pirmdiena un otrdiena b\u016bs saus\u0101k\u0101s \u0161\u012bs ned\u0113\u013cas dienas, tikai viet\u0101m b\u016bs neliels lietus. Tom\u0113r no ned\u0113\u013cas vidus Latvijai&hellip;\n","protected":false},"author":2,"featured_media":13288,"comment_status":"","ping_status":"","sticky":false,"template":"","format":"standard","meta":{"footnotes":""},"categories":[12],"tags":[23,65,28,29,1900,1901,32,33,1898,22,760,1899,90,1897,30,31,35,39,38,36,37,34,40,20,26,27,1896,67,1895,24,25,285,21],"class_list":{"0":"post-13287","1":"post","2":"type-post","3":"status-publish","4":"format-standard","5":"has-post-thumbnail","7":"category-latvija","8":"tag-aktualitates","9":"tag-auto","10":"tag-breaking-news","11":"tag-breakingnews","12":"tag-brivbridis","13":"tag-daba-un-dzivnieki","14":"tag-featured-news","15":"tag-featurednews","16":"tag-galerijas","17":"tag-headlines","18":"tag-horoskopi","19":"tag-itech","20":"tag-izklaide","21":"tag-kriminalzinas","22":"tag-latest-news","23":"tag-latestnews","24":"tag-latvia","25":"tag-latvian","26":"tag-latviesu","27":"tag-latviesu-valoda","28":"tag-latviesuvaloda","29":"tag-latvija","30":"tag-lv","31":"tag-news","32":"tag-popularakas-zinas","33":"tag-popularakaszinas","34":"tag-sieviete","35":"tag-sports","36":"tag-tava-balss","37":"tag-top-stories","38":"tag-topstories","39":"tag-zala-dzive","40":"tag-zinas"},"share_on_mastodon":{"url":"","error":""},"_links":{"self":[{"href":"https:\/\/www.europesays.com\/lv\/wp-json\/wp\/v2\/posts\/13287","targetHints":{"allow":["GET"]}}],"collection":[{"href":"https:\/\/www.europesays.com\/lv\/wp-json\/wp\/v2\/posts"}],"about":[{"href":"https:\/\/www.europesays.com\/lv\/wp-json\/wp\/v2\/types\/post"}],"author":[{"embeddable":true,"href":"https:\/\/www.europesays.com\/lv\/wp-json\/wp\/v2\/users\/2"}],"replies":[{"embeddable":true,"href":"https:\/\/www.europesays.com\/lv\/wp-json\/wp\/v2\/comments?post=13287"}],"version-history":[{"count":0,"href":"https:\/\/www.europesays.com\/lv\/wp-json\/wp\/v2\/posts\/13287\/revisions"}],"wp:featuredmedia":[{"embeddable":true,"href":"https:\/\/www.europesays.com\/lv\/wp-json\/wp\/v2\/media\/13288"}],"wp:attachment":[{"href":"https:\/\/www.europesays.com\/lv\/wp-json\/wp\/v2\/media?parent=13287"}],"wp:term":[{"taxonomy":"category","embeddable":true,"href":"https:\/\/www.europesays.com\/lv\/wp-json\/wp\/v2\/categories?post=13287"},{"taxonomy":"post_tag","embeddable":true,"href":"https:\/\/www.europesays.com\/lv\/wp-json\/wp\/v2\/tags?post=13287"}],"curies":[{"name":"wp","href":"https:\/\/api.w.org\/{rel}","templated":true}]}}