{"id":13314,"date":"2025-10-05T19:51:20","date_gmt":"2025-10-05T19:51:20","guid":{"rendered":"https:\/\/www.europesays.com\/lv\/13314\/"},"modified":"2025-10-05T19:51:20","modified_gmt":"2025-10-05T19:51:20","slug":"izraela-turpina-deportacijas-uz-turciju-nosutiti-vel-137-flotiles-aktivisti","status":"publish","type":"post","link":"https:\/\/www.europesays.com\/lv\/13314\/","title":{"rendered":"Izra\u0113la turpina deport\u0101cijas \u2013 uz Turciju nos\u016bt\u012bti v\u0113l 137 flotiles akt\u012bvisti"},"content":{"rendered":"<p>Izra\u0113la uz Turciju deport\u0113jusi v\u0113l 137 akt\u012bvistus, kas tika aiztur\u0113ti flotil\u0113, kas dev\u0101s uz Gazas joslu, pazi\u0146ojusi Izra\u0113las \u0100rlietu ministrija.<\/p>\n<p>Deport\u0113to vid\u016b ir ar\u012b ASV, It\u0101lijas, Lielbrit\u0101nijas, \u0160veices, Jord\u0101nijas un vair\u0101ku citu valstu pilso\u0146i. <\/p>\n<blockquote><p>Ministrija platform\u0101 &#8220;X&#8221; inform\u0113ja, ka &#8220;v\u0113l 137 provokatori no &#8220;Ham\u0101s\u2013Sum\u016bdas&#8221; flotiles \u0161odien tika deport\u0113ti uz Turciju\u201d, piebilstot, ka Izra\u0113las m\u0113r\u0137is ir &#8220;izraid\u012bt visus provokatorus&#8221;.<\/p><\/blockquote>\n<p>Jau piektdien Izra\u0113la bija deport\u0113jusi pirmos \u010detrus It\u0101lijas akt\u012bvistus no vair\u0101k nek\u0101 400 aiztur\u0113tajiem flotiles dal\u012bbniekiem.<\/p>\n<p>T\u0101 d\u0113v\u0113t\u0101 &#8220;Glob\u0101l\u0101 Sum\u016bdas flotile&#8221; (Global Sumud Flotilla \u2013 GFS), kur\u0101 bija aptuveni 45 ku\u0123i, tostarp ar zviedru akt\u012bvisti Gr\u0113tu T\u016bnbergu uz kl\u0101ja, septembra s\u0101kum\u0101 izbrauca no Barselonas. <\/p>\n<p>Flotiles m\u0113r\u0137is bija simboliski p\u0101rraut Izra\u0113las \u012bstenoto Gazas joslas blok\u0101di un nog\u0101d\u0101t pal\u012bdz\u012bbu palest\u012bnie\u0161u iedz\u012bvot\u0101jiem.<\/p>\n<p>Tre\u0161dien flotile sasniedza Izra\u0113las j\u016bras sp\u0113ku \u012bstenot\u0101s blok\u0101des perimetru, kur 41 ku\u0123is tika aptur\u0113ts. Izra\u0113la nor\u0101d\u012bjusi, ka \u0161\u012b flotile ir saist\u012bta ar grup\u0113jumu &#8220;Ham\u0101s&#8221; un pazi\u0146ojusi, ka ne\u013caus tai sasniegt Gazas joslu.<\/p>\n<p>Lasi ar\u012b!<\/p>\n<p>&#13;<br \/>\n&#13;<br \/>\n<a target=\"_blank\" href=\"https:\/\/www.1188.lv\/zinas\/tunberga-un-palestiniesu-aktivistu-grupa-ar-laivam-devusies-uz-gazas-joslu\/53811\" rel=\"nofollow noopener\">T\u016bnberga un palest\u012bnie\u0161u akt\u012bvistu grupa ar laiv\u0101m devu\u0161ies uz Gazas joslu<\/a>&#13;<br \/>\n&#13;<br \/>\n<\/p>\n<p>&#13;<br \/>\n&#13;<br \/>\n<a target=\"_blank\" href=\"https:\/\/www.1188.lv\/zinas\/tunberga-un-palestiniesu-aktivistu-grupa-plano-ar-laivam-vest-palidzibu-uz-gazas-joslu\/52805\" rel=\"nofollow noopener\">T\u016bnberga un palest\u012bnie\u0161u akt\u012bvistu grupa pl\u0101no ar laiv\u0101m vest pal\u012bdz\u012bbu uz Gazas joslu<\/a>&#13;<br \/>\n&#13;<br \/><\/p>\n","protected":false},"excerpt":{"rendered":"Izra\u0113la uz Turciju deport\u0113jusi v\u0113l 137 akt\u012bvistus, kas tika aiztur\u0113ti flotil\u0113, kas dev\u0101s uz Gazas joslu, pazi\u0146ojusi Izra\u0113las&hellip;\n","protected":false},"author":2,"featured_media":13315,"comment_status":"","ping_status":"","sticky":false,"template":"","format":"standard","meta":{"footnotes":""},"categories":[14],"tags":[129,318,3204,4768,23,57,28,29,32,33,22,30,31,35,39,38,36,37,34,40,20,26,27,4769,319,3205,4770,320,3206,24,25,54,55,56,21,58],"class_list":{"0":"post-13314","1":"post","2":"type-post","3":"status-publish","4":"format-standard","5":"has-post-thumbnail","7":"category-zinas-no-arvalstim","8":"tag-__typenameadvicekeyword","9":"tag-id1144","10":"tag-id812","11":"tag-id832","12":"tag-aktualitates","13":"tag-arvalstim","14":"tag-breaking-news","15":"tag-breakingnews","16":"tag-featured-news","17":"tag-featurednews","18":"tag-headlines","19":"tag-latest-news","20":"tag-latestnews","21":"tag-latvia","22":"tag-latvian","23":"tag-latviesu","24":"tag-latviesu-valoda","25":"tag-latviesuvaloda","26":"tag-latvija","27":"tag-lv","28":"tag-news","29":"tag-popularakas-zinas","30":"tag-popularakaszinas","31":"tag-sluggreta-tunberga","32":"tag-slugizraela","33":"tag-slugturcija","34":"tag-titlegreta-tunberga","35":"tag-titleizraela","36":"tag-titleturcija","37":"tag-top-stories","38":"tag-topstories","39":"tag-world","40":"tag-world-news","41":"tag-worldnews","42":"tag-zinas","43":"tag-zinas-no-arvalstim"},"share_on_mastodon":{"url":"","error":""},"_links":{"self":[{"href":"https:\/\/www.europesays.com\/lv\/wp-json\/wp\/v2\/posts\/13314","targetHints":{"allow":["GET"]}}],"collection":[{"href":"https:\/\/www.europesays.com\/lv\/wp-json\/wp\/v2\/posts"}],"about":[{"href":"https:\/\/www.europesays.com\/lv\/wp-json\/wp\/v2\/types\/post"}],"author":[{"embeddable":true,"href":"https:\/\/www.europesays.com\/lv\/wp-json\/wp\/v2\/users\/2"}],"replies":[{"embeddable":true,"href":"https:\/\/www.europesays.com\/lv\/wp-json\/wp\/v2\/comments?post=13314"}],"version-history":[{"count":0,"href":"https:\/\/www.europesays.com\/lv\/wp-json\/wp\/v2\/posts\/13314\/revisions"}],"wp:featuredmedia":[{"embeddable":true,"href":"https:\/\/www.europesays.com\/lv\/wp-json\/wp\/v2\/media\/13315"}],"wp:attachment":[{"href":"https:\/\/www.europesays.com\/lv\/wp-json\/wp\/v2\/media?parent=13314"}],"wp:term":[{"taxonomy":"category","embeddable":true,"href":"https:\/\/www.europesays.com\/lv\/wp-json\/wp\/v2\/categories?post=13314"},{"taxonomy":"post_tag","embeddable":true,"href":"https:\/\/www.europesays.com\/lv\/wp-json\/wp\/v2\/tags?post=13314"}],"curies":[{"name":"wp","href":"https:\/\/api.w.org\/{rel}","templated":true}]}}