{"id":13318,"date":"2025-10-05T19:54:04","date_gmt":"2025-10-05T19:54:04","guid":{"rendered":"https:\/\/www.europesays.com\/lv\/13318\/"},"modified":"2025-10-05T19:54:04","modified_gmt":"2025-10-05T19:54:04","slug":"latvijas-legendas-lauku-muzikanti-uzsak-verienigu-vislatvijas-koncertturneju-par-ko-sis-stasts-lente-lv","status":"publish","type":"post","link":"https:\/\/www.europesays.com\/lv\/13318\/","title":{"rendered":"Latvijas le\u0123endas \u201cLauku muzikanti\u201d uzs\u0101k v\u0113rien\u012bgu Vislatvijas koncertturneju \u201cPar ko \u0161is st\u0101sts\u201d\u00a0\u2014\u00a0Lente.lv"},"content":{"rendered":"<p>Gaid\u0101mais muzik\u0101lais ce\u013cojums: &#8220;Lauku muzikanti&#8221; uzs\u0101k pla\u0161u koncertturneju pa visu Latviju<\/p>\n<p>Grupa &#8220;Lauku muzikanti&#8221;, kas paz\u012bstama ar savu ener\u0123isko un sirdi aizkustino\u0161o m\u016bziku, ir gatava uzs\u0101kt grandiozu koncertturneju vis\u0101 Latvij\u0101. Vislatvijas piedz\u012bvojums, kas nosaukts par &#8220;Par ko \u0161is st\u0101sts&#8221;, s\u0101ksies 2025. gada 27. decembr\u012b Salacgr\u012bv\u0101, pils\u0113t\u0101, kas ir \u012bpa\u0161i noz\u012bm\u012bga grupai, jo tur tika dibin\u0101ta pirms vair\u0101kiem gadu desmitiem. Turneja nosl\u0113gsies 2026. gada oktobr\u012b Aizkraukl\u0113, aizskarot daudzas Latvijas pils\u0113tas un kopienas ce\u013c\u0101.<\/p>\n<p>Neaizmirstami koncerti ar slaveniem viesiem<\/p>\n<p>Katrs &#8220;Lauku muzikantu&#8221; sniegums \u0161\u012bs gandr\u012bz gadu ilg\u0101s turnejas laik\u0101 sol\u0101s b\u016bt neaizmirstams notikums. Programma tiks papildin\u0101ta gan ar jaun\u0101m kompoz\u012bcij\u0101m, tostarp tituldziesmu &#8220;Par ko \u0161is st\u0101sts&#8221;, gan ar klaus\u012bt\u0101ju iem\u012b\u013cotajiem hitiem, kas skan\u0113ju\u0161i gadu desmitiem. Lai padar\u012btu katru vakaru v\u0113l \u012bpa\u0161\u0101ku, uz skatuves kop\u0101 ar grupu k\u0101ps ar\u012b da\u017e\u0101di Latvij\u0101 iem\u012b\u013coti viesm\u0101kslinieki. Starp vi\u0146iem min\u0113ti t\u0101di solisti k\u0101 Paula \u0136iete, \u017dor\u017es Siksna, Raitis Treijs, M\u0101ris Sloka, Ieva Sutugova un daudzi citi. Tiek prognoz\u0113ts, ka \u012bpa\u0161ais Salacgr\u012bvas atkl\u0101\u0161anas koncerts pulc\u0113s ar\u012b grupas dibin\u0101t\u0101ju Andri Zundi, pie\u0161\u0137irot pas\u0101kumam \u012bpa\u0161u sentiment\u0101lu v\u0113rt\u012bbu.<\/p>\n<p>St\u0101sts par m\u016bzikas nep\u0101rtrauktu att\u012bst\u012bbu<\/p>\n<p>&#8220;Lauku muzikanti&#8221; sevi ir pier\u0101d\u012bju\u0161i k\u0101 laika p\u0101rbaudi iztur\u0113ju\u0161u fenomenu Latvijas m\u016bzikas ainav\u0101. Grupa sp\u0113jusi main\u012bties l\u012bdzi laikam, saglab\u0101jot gan veco paaud\u017eu atbalst\u012bt\u0101ju, gan ar\u012b piesaistot jaunus piekrit\u0113jus. Vi\u0146u dz\u012bv\u0101 uzst\u0101\u0161an\u0101s, pla\u0161ais repertu\u0101rs un atv\u0113rtais kontakts ar publiku ir galvenie faktori, kas nodro\u0161ina grupas popularit\u0101ti jau vair\u0101k nek\u0101 divdesmit gadus. Bi\u013cetes uz gaid\u0101majiem koncertiem ir pieejamas tirdzniec\u012bb\u0101, pied\u0101v\u0101jot iesp\u0113ju ikvienam Latvijas iedz\u012bvot\u0101jam k\u013c\u016bt par da\u013cu no \u0161\u012b muzik\u0101l\u0101 st\u0101sta.<\/p>\n","protected":false},"excerpt":{"rendered":"Gaid\u0101mais muzik\u0101lais ce\u013cojums: &#8220;Lauku muzikanti&#8221; uzs\u0101k pla\u0161u koncertturneju pa visu Latviju Grupa &#8220;Lauku muzikanti&#8221;, kas paz\u012bstama ar savu&hellip;\n","protected":false},"author":2,"featured_media":13319,"comment_status":"","ping_status":"","sticky":false,"template":"","format":"standard","meta":{"footnotes":""},"categories":[19],"tags":[4774,89,90,4772,35,39,38,36,37,34,355,4771,40,4773],"class_list":{"0":"post-13318","1":"post","2":"type-post","3":"status-publish","4":"format-standard","5":"has-post-thumbnail","7":"category-izklaide","8":"tag-dzivie-koncerti","9":"tag-entertainment","10":"tag-izklaide","11":"tag-koncertturneja","12":"tag-latvia","13":"tag-latvian","14":"tag-latviesu","15":"tag-latviesu-valoda","16":"tag-latviesuvaloda","17":"tag-latvija","18":"tag-latvijas-muzika","19":"tag-lauku-muzikanti","20":"tag-lv","21":"tag-par-ko-sis-stasts"},"share_on_mastodon":{"url":"","error":""},"_links":{"self":[{"href":"https:\/\/www.europesays.com\/lv\/wp-json\/wp\/v2\/posts\/13318","targetHints":{"allow":["GET"]}}],"collection":[{"href":"https:\/\/www.europesays.com\/lv\/wp-json\/wp\/v2\/posts"}],"about":[{"href":"https:\/\/www.europesays.com\/lv\/wp-json\/wp\/v2\/types\/post"}],"author":[{"embeddable":true,"href":"https:\/\/www.europesays.com\/lv\/wp-json\/wp\/v2\/users\/2"}],"replies":[{"embeddable":true,"href":"https:\/\/www.europesays.com\/lv\/wp-json\/wp\/v2\/comments?post=13318"}],"version-history":[{"count":0,"href":"https:\/\/www.europesays.com\/lv\/wp-json\/wp\/v2\/posts\/13318\/revisions"}],"wp:featuredmedia":[{"embeddable":true,"href":"https:\/\/www.europesays.com\/lv\/wp-json\/wp\/v2\/media\/13319"}],"wp:attachment":[{"href":"https:\/\/www.europesays.com\/lv\/wp-json\/wp\/v2\/media?parent=13318"}],"wp:term":[{"taxonomy":"category","embeddable":true,"href":"https:\/\/www.europesays.com\/lv\/wp-json\/wp\/v2\/categories?post=13318"},{"taxonomy":"post_tag","embeddable":true,"href":"https:\/\/www.europesays.com\/lv\/wp-json\/wp\/v2\/tags?post=13318"}],"curies":[{"name":"wp","href":"https:\/\/api.w.org\/{rel}","templated":true}]}}