{"id":13345,"date":"2025-10-05T20:31:07","date_gmt":"2025-10-05T20:31:07","guid":{"rendered":"https:\/\/www.europesays.com\/lv\/13345\/"},"modified":"2025-10-05T20:31:07","modified_gmt":"2025-10-05T20:31:07","slug":"sandis-ozolins-papildina-latvijas-hokeja-izlases-treneru-korpusu-cela-uz-2026-gada-olimpiskajam-spelem-lente-lv","status":"publish","type":"post","link":"https:\/\/www.europesays.com\/lv\/13345\/","title":{"rendered":"Sandis Ozoli\u0146\u0161 papildina Latvijas hokeja izlases treneru korpusu ce\u013c\u0101 uz 2026. gada Olimpiskaj\u0101m sp\u0113l\u0113m\u00a0\u2014\u00a0Lente.lv"},"content":{"rendered":"<p>Latvijas Hokeja Le\u0123enda Sandis Ozoli\u0146\u0161 Pievienojas Valstsvien\u012bbas Treneru Korpusam<\/p>\n<p>Latvijas v\u012brie\u0161u hokeja izlases galvenajam trenerim Harijam V\u012btoli\u0146am 2026. gada Mil\u0101nas olimpiskaj\u0101s sp\u0113l\u0113s pal\u012bdz\u0113s ar\u012b le\u0123end\u0101rais aizsargs Sandis Ozoli\u0146\u0161. Latvijas Hokeja feder\u0101cija (LHF) ir pazi\u0146ojusi par izmai\u0146\u0101m trenera sast\u0101v\u0101, Ozoli\u0146am pievienojoties Art\u016bram Irbem, Laurim D\u0101rzi\u0146am un Petteri Nummelinam. \u0160is papildin\u0101jums sniedz komandai jaunu dinamiku un dzi\u013cumu, tuvojoties presti\u017eajam olimpiskajam turn\u012bram.<\/p>\n<p>Ozoli\u0146a Pieredze un Noz\u012bme Komandai<\/p>\n<p>Sandis Ozoli\u0146\u0161, kur\u0161 ir ne tikai pirmais latvietis, kas ieguvis Stenlija kausu, bet ar\u012b paz\u012bstams ar savu ilgo un spo\u017eo sp\u0113l\u0113t\u0101ja karjeru, tagad savas pla\u0161\u0101s zin\u0101\u0161anas un pieredzi nodos jaunajai paaudzei. P\u0113c karjeras beig\u0101m 2014. gad\u0101, Ozoli\u0146\u0161 ir akt\u012bvi darbojies ar\u012b trenera lom\u0101, tostarp vad\u012bjis R\u012bgas \u201cDinamo\u201d un str\u0101d\u0101jis par asistentu \u0145i\u017e\u0146ijnovgorodas \u201cTorpedo\u201d. Vi\u0146a iepriek\u0161\u0113j\u0101 pieredze k\u0101 trenera asistentam, galvenajam trenerim un pat skautam NHL kluba Kolor\u0101do \u201cAvalanche\u201d rind\u0101s, liecina par vi\u0146a sp\u0113ju analiz\u0113t sp\u0113li un att\u012bst\u012bt sp\u0113l\u0113t\u0101ju potenci\u0101lu.<\/p>\n<p>Salied\u0113ts Treneru Kolekt\u012bvs un Olimpiskie Pl\u0101ni<\/p>\n<p>Galvenais treneris Harijs V\u012btoli\u0146\u0161 uzsver, ka jaunais treneru kolekt\u012bvs ir r\u016bp\u012bgi veidots, lai nodro\u0161in\u0101tu da\u017e\u0101das pieredzes un kompetences. Vi\u0146\u0161 nor\u0101da, ka katram trenerim ir skaidri noteiktas atbild\u012bbas jomas, kas \u013caus efekt\u012bvi sagatavoties olimpiskajam turn\u012bram, veikt pretinieku anal\u012bzi un sniegt nepiecie\u0161amo atbalstu sportistiem visos sagatavo\u0161an\u0101s posmos. \u0160\u0101da strukt\u016bra sola stabilu un profesion\u0101lu pieeju komandas vad\u012bbai.<\/p>\n<p>Latvijas izlase 2026. gada ziemas olimpiskaj\u0101s sp\u0113l\u0113s Mil\u0101n\u0101 tiksies C apak\u0161grup\u0101 ar ASV, V\u0101cijas un D\u0101nijas izlas\u0113m. Pirms olimpisk\u0101 turn\u012bra komanda pl\u0101no piedal\u012bties \u201cDeutschland Cup\u201d V\u0101cij\u0101 novembr\u012b un \u201cKaufland Cup\u201d Slov\u0101kij\u0101 decembr\u012b. Lai gan sp\u0113l\u0113t\u0101ja karjeras laik\u0101 Ozoli\u0146\u0161 ir piedal\u012bjies tr\u012bs olimpiskaj\u0101s sp\u0113l\u0113s, \u0161\u012b b\u016bs vi\u0146a pirm\u0101 pieredze olimpiskaj\u0101 turn\u012br\u0101 trenera lom\u0101, kas sniedz papildu motiv\u0101ciju un cer\u012bbas uz veiksm\u012bgu startu. Vi\u0146a atgrie\u0161an\u0101s izlas\u0113 trenera lom\u0101 ir noz\u012bm\u012bgs notikums Latvijas hokeja dz\u012bv\u0113, radot pozit\u012bvas emocijas un cer\u012bbas uz pan\u0101kumiem.<\/p>\n","protected":false},"excerpt":{"rendered":"Latvijas Hokeja Le\u0123enda Sandis Ozoli\u0146\u0161 Pievienojas Valstsvien\u012bbas Treneru Korpusam Latvijas v\u012brie\u0161u hokeja izlases galvenajam trenerim Harijam V\u012btoli\u0146am 2026.&hellip;\n","protected":false},"author":2,"featured_media":13346,"comment_status":"","ping_status":"","sticky":false,"template":"","format":"standard","meta":{"footnotes":""},"categories":[17],"tags":[4780,394,35,39,38,36,37,34,1532,40,3474,67,2643],"class_list":{"0":"post-13345","1":"post","2":"type-post","3":"status-publish","4":"format-standard","5":"has-post-thumbnail","7":"category-sports","8":"tag-2026-gada-olimpiskas-speles","9":"tag-hokejs","10":"tag-latvia","11":"tag-latvian","12":"tag-latviesu","13":"tag-latviesu-valoda","14":"tag-latviesuvaloda","15":"tag-latvija","16":"tag-latvijas-hokeja-izlase","17":"tag-lv","18":"tag-sandis-ozolins","19":"tag-sports","20":"tag-treneris"},"share_on_mastodon":{"url":"","error":""},"_links":{"self":[{"href":"https:\/\/www.europesays.com\/lv\/wp-json\/wp\/v2\/posts\/13345","targetHints":{"allow":["GET"]}}],"collection":[{"href":"https:\/\/www.europesays.com\/lv\/wp-json\/wp\/v2\/posts"}],"about":[{"href":"https:\/\/www.europesays.com\/lv\/wp-json\/wp\/v2\/types\/post"}],"author":[{"embeddable":true,"href":"https:\/\/www.europesays.com\/lv\/wp-json\/wp\/v2\/users\/2"}],"replies":[{"embeddable":true,"href":"https:\/\/www.europesays.com\/lv\/wp-json\/wp\/v2\/comments?post=13345"}],"version-history":[{"count":0,"href":"https:\/\/www.europesays.com\/lv\/wp-json\/wp\/v2\/posts\/13345\/revisions"}],"wp:featuredmedia":[{"embeddable":true,"href":"https:\/\/www.europesays.com\/lv\/wp-json\/wp\/v2\/media\/13346"}],"wp:attachment":[{"href":"https:\/\/www.europesays.com\/lv\/wp-json\/wp\/v2\/media?parent=13345"}],"wp:term":[{"taxonomy":"category","embeddable":true,"href":"https:\/\/www.europesays.com\/lv\/wp-json\/wp\/v2\/categories?post=13345"},{"taxonomy":"post_tag","embeddable":true,"href":"https:\/\/www.europesays.com\/lv\/wp-json\/wp\/v2\/tags?post=13345"}],"curies":[{"name":"wp","href":"https:\/\/api.w.org\/{rel}","templated":true}]}}