{"id":13398,"date":"2025-10-05T21:58:10","date_gmt":"2025-10-05T21:58:10","guid":{"rendered":"https:\/\/www.europesays.com\/lv\/13398\/"},"modified":"2025-10-05T21:58:10","modified_gmt":"2025-10-05T21:58:10","slug":"vairums-zzs-biedru-nevelas-palikt-silinas-valdiba","status":"publish","type":"post","link":"https:\/\/www.europesays.com\/lv\/13398\/","title":{"rendered":"Vairums ZZS biedru nev\u0113las palikt Sili\u0146as vald\u012bb\u0101"},"content":{"rendered":"<p>&#8220;\u0160aj\u0101 br\u012bd\u012b t\u0101du vald\u012bbu nog\u0101zt ir \u0101rk\u0101rt\u012bgi vienk\u0101r\u0161i. T\u0101 ir \u0101rk\u0101rt\u012bgi nepopul\u0101ra <a href=\"https:\/\/www.apollo.lv\/term\/570210\/valdiba\" class=\"topicLink\" target=\"_blank\" rel=\"nofollow noopener\">vald\u012bba<\/a>. Nepopul\u0101r\u0101k\u0101 vald\u012bba \u0161aj\u0101 gadsimt\u0101. Visi ministri, ieskaitot premjeri, ir dzi\u013cos m\u012bnusos. Faktiski lielu m\u0101kslu nevajag. Bet es nedom\u0101ju, ka tas ir m\u016bsu m\u0113r\u0137is.&#8221;<\/p>\n<p>Brigmanis gan piebilst, uzsverot, ka tas ir vi\u0146a person\u012bgais viedoklis \u2013 ja nu kaut kas notiek ar \u0161o vald\u012bbu, tad ZZS nevajagot vad\u012bt n\u0101kamo. Tas nov\u0113rstu spekul\u0101cijas, ka &#8220;za\u013czemnieki&#8221; kaut ko dara, lai g\u0101ztu Sili\u0146as kabinetu.<\/p>\n<p>Tom\u0113r kulu\u0101ros ir diezgan liela p\u0101rliec\u012bba par ZZS da\u013cas saska\u0146otu sasp\u0113li ar opoz\u012bciju. L\u012bdz ar Brigmani p\u0113d\u0113j\u0101s ned\u0113\u013c\u0101s visbie\u017e\u0101k k\u0101 gaisa jauc\u0113js tiek piesaukts ar\u012b pavasar\u012b labkl\u0101j\u012bbas ministra portfeli zaud\u0113ju\u0161ais ZZS deput\u0101ts Uldis Augulis. Vi\u0146\u0161 pats par to ir neizpratn\u0113: &#8220;Es neredzu, k\u0101p\u0113c m\u0113s b\u016btu ar Brigmani kaut k\u0101di \u013caunie vai kaut kas taml\u012bdz\u012bgs. Neredzu pamatu tam.&#8221;<\/p>\n<p>&#8220;Progres\u012bvo&#8221; frakcijas vad\u012bt\u0101js Andris \u0160uvajevs tikm\u0113r nor\u0101da \u2013 lai gan partija cent\u012bsies dar\u012bt visu, lai Latvija no Stambulas konvencijas dal\u012bbvalstu vidus tom\u0113r neizst\u0101tos, svar\u012bgs jaut\u0101jums ir ar\u012b par to, k\u0101 premjere sp\u0113s &#8220;sav\u0101kt&#8221; \u0161o koal\u012bciju, jo ar\u012b p\u0113c bud\u017eeta pie\u0146em\u0161anas l\u012bdz v\u0113l\u0113\u0161an\u0101m v\u0113l b\u016bs desmit m\u0113ne\u0161i, kuru laik\u0101 gan vald\u012bb\u0101, gan Saeim\u0101 b\u016bs koal\u012bcijai svar\u012bgi jaut\u0101jumi.<\/p>\n<p>&#8220;Ja ir situ\u0101cija, kur\u0101 viens koal\u012bcijas partneris s\u0101k dom\u0101t par to, ka paties\u012bb\u0101 vi\u0146am \u0161aj\u0101 koal\u012bcij\u0101 nemaz nav j\u0101b\u016bt, jo vi\u0146\u0161, attiec\u012bgi \u0161aj\u0101 gad\u012bjum\u0101 ZZS, nesp\u0113j atbild\u0113t uz to, k\u0101p\u0113c visp\u0101r b\u016bt \u0161aj\u0101 koal\u012bcij\u0101, tad paties\u012bb\u0101 t\u0101 jau ir probl\u0113ma, kas ir ZZS. Bet t\u0101 ir ar\u012b probl\u0113ma &#8220;Jaunajai Vienot\u012bbai&#8221; un Ministru prezidentei, kas tom\u0113r aicin\u0101ja ZZS b\u016bt \u0161aj\u0101 koal\u012bcij\u0101. T\u0101p\u0113c man atkal ir j\u0101atgrie\u017eas pie t\u0101, ka \u0161\u0101ds l\u0113mums, k\u0101ds bija \u0161oned\u0113\u013c, tas ir \u2013 sniegt rezol\u016bciju labkl\u0101j\u012bbas ministram, jau neatrisin\u0101s to pamata probl\u0113mu, kas \u0161eit ir,&#8221; uzskata \u0160uvajevs.<\/p>\n","protected":false},"excerpt":{"rendered":"&#8220;\u0160aj\u0101 br\u012bd\u012b t\u0101du vald\u012bbu nog\u0101zt ir \u0101rk\u0101rt\u012bgi vienk\u0101r\u0161i. T\u0101 ir \u0101rk\u0101rt\u012bgi nepopul\u0101ra vald\u012bba. Nepopul\u0101r\u0101k\u0101 vald\u012bba \u0161aj\u0101 gadsimt\u0101. Visi&hellip;\n","protected":false},"author":2,"featured_media":10431,"comment_status":"","ping_status":"","sticky":false,"template":"","format":"standard","meta":{"footnotes":""},"categories":[12],"tags":[23,28,29,685,1249,32,33,22,30,31,35,39,38,36,37,34,40,20,26,27,24,25,1524,21,666],"class_list":{"0":"post-13398","1":"post","2":"type-post","3":"status-publish","4":"format-standard","5":"has-post-thumbnail","7":"category-latvija","8":"tag-aktualitates","9":"tag-breaking-news","10":"tag-breakingnews","11":"tag-de-facto","12":"tag-evika-silina","13":"tag-featured-news","14":"tag-featurednews","15":"tag-headlines","16":"tag-latest-news","17":"tag-latestnews","18":"tag-latvia","19":"tag-latvian","20":"tag-latviesu","21":"tag-latviesu-valoda","22":"tag-latviesuvaloda","23":"tag-latvija","24":"tag-lv","25":"tag-news","26":"tag-popularakas-zinas","27":"tag-popularakaszinas","28":"tag-top-stories","29":"tag-topstories","30":"tag-valdiba","31":"tag-zinas","32":"tag-zzs"},"share_on_mastodon":{"url":"","error":""},"_links":{"self":[{"href":"https:\/\/www.europesays.com\/lv\/wp-json\/wp\/v2\/posts\/13398","targetHints":{"allow":["GET"]}}],"collection":[{"href":"https:\/\/www.europesays.com\/lv\/wp-json\/wp\/v2\/posts"}],"about":[{"href":"https:\/\/www.europesays.com\/lv\/wp-json\/wp\/v2\/types\/post"}],"author":[{"embeddable":true,"href":"https:\/\/www.europesays.com\/lv\/wp-json\/wp\/v2\/users\/2"}],"replies":[{"embeddable":true,"href":"https:\/\/www.europesays.com\/lv\/wp-json\/wp\/v2\/comments?post=13398"}],"version-history":[{"count":0,"href":"https:\/\/www.europesays.com\/lv\/wp-json\/wp\/v2\/posts\/13398\/revisions"}],"wp:featuredmedia":[{"embeddable":true,"href":"https:\/\/www.europesays.com\/lv\/wp-json\/wp\/v2\/media\/10431"}],"wp:attachment":[{"href":"https:\/\/www.europesays.com\/lv\/wp-json\/wp\/v2\/media?parent=13398"}],"wp:term":[{"taxonomy":"category","embeddable":true,"href":"https:\/\/www.europesays.com\/lv\/wp-json\/wp\/v2\/categories?post=13398"},{"taxonomy":"post_tag","embeddable":true,"href":"https:\/\/www.europesays.com\/lv\/wp-json\/wp\/v2\/tags?post=13398"}],"curies":[{"name":"wp","href":"https:\/\/api.w.org\/{rel}","templated":true}]}}