{"id":13412,"date":"2025-10-05T22:13:12","date_gmt":"2025-10-05T22:13:12","guid":{"rendered":"https:\/\/www.europesays.com\/lv\/13412\/"},"modified":"2025-10-05T22:13:12","modified_gmt":"2025-10-05T22:13:12","slug":"viss-izskiras-horvatijas-rallija-par-jauno-eiropas-cempionu-klust-marciks-motoru-sports-sportacentrs-com","status":"publish","type":"post","link":"https:\/\/www.europesays.com\/lv\/13412\/","title":{"rendered":"Viss iz\u0161\u0137iras Horv\u0101tijas rallij\u0101 &#8211; par jauno Eiropas \u010dempionu k\u013c\u016bst Mar\u010diks \u2013 Motoru sports \u2013 Sportacentrs.com"},"content":{"rendered":"<p>\u0100rmstrongs par\u0101d\u012bja lielisku \u0101trumu un stabilit\u0101ti. Sestdien \u012bru pilots ar savu &#8220;Ford Fiesta Rally2&#8221; bija \u0101tr\u0101kais \u010detros no se\u0161iem \u0101trumposmiem, bet sv\u0113tdien, kad iejauc\u0101s lietus, uzvar\u0113ja divos no \u010detriem \u0101trumposmiem. Sacens\u012bbas vi\u0146\u0161 nosl\u0113dza ar 27 sekun\u017eu p\u0101rsvaru p\u0101r veter\u0101nu Madsu Ostbergu, k\u013c\u016bstot par pirmo pilotu vair\u0101k nek\u0101 divu gadu laik\u0101, kuram izdevies uzvar\u0113t divos ERC posmos p\u0113c k\u0101rtas. Tom\u0113r, lai k\u013c\u016btu par \u010dempionu, vi\u0146am vajadz\u0113ja gan uzvaru rallij\u0101 un maksim\u0101los &#8220;Power Stage&#8221; punktus, kas tika \u012bstenots, gan cer\u0113t, ka Mar\u010diks fini\u0161\u0113s ne augst\u0101k par sept\u012bto vietu. Tom\u0113r Mar\u010diks bija tre\u0161ais un k\u013cuva par \u010dempionu.<\/p>\n<p>Mabel\u012bni cer\u012bbas apr\u0101v\u0101s jau pirmaj\u0101 dien\u0101 \u2013 it\u0101\u013cu pilots ar &#8220;\u0160koda Fabia RS Rally2&#8221; piedz\u012bvoja av\u0101riju, kad no piekt\u0101s vietas izsl\u012bd\u0113ja no trases un saboj\u0101ja automa\u0161\u012bnu. &#8220;Grib\u0113j\u0101m notur\u0113t augstu tempu, bet pie\u013c\u0101v\u0101m k\u013c\u016bdu un tr\u0101p\u012bj\u0101m akmenim. N\u0101c\u0101s izst\u0101ties,&#8221; vi\u0146\u0161 sac\u012bja p\u0113c notiku\u0161\u0101. &#8220;Protams, tas nav veids, k\u0101 grib\u0113j\u0101m nosl\u0113gt sezonu, ta\u010du esam lepni par sniegumu visas sezonas garum\u0101.&#8221;<\/p>\n<p>Nosl\u0113dzo\u0161aj\u0101 dien\u0101 Horv\u0101tijas main\u012bgie laikapst\u0101k\u013ci lika nervoz\u0113t ar\u012b Mar\u010dikam, kur\u0161 start\u0113ja ar &#8220;\u0160koda Fabia RS Rally2&#8221;, tom\u0113r prata notur\u0113t mieru un uzvar\u0113ja vien\u0101 no \u0101trumposmiem, pak\u0101pjoties uz ceturto vietu. P\u0113c Roberta Virvesa k\u013c\u016bdas Mar\u010diks non\u0101ca v\u0113l vienu poz\u012bciju augst\u0101k. Fini\u0161\u0113jot tre\u0161ais, vi\u0146\u0161 k\u013cuva par pirmo po\u013cu \u010dempionu kop\u0161 Kajetana Kajetanovi\u010da 2017. gad\u0101, sasniedzot \u0161o pan\u0101kumu kop\u0101 ar st\u016brmani \u0160imonu Gospodar\u010diku. &#8220;Tas bija mans liel\u0101kais sapnis,&#8221; atzina Mar\u010diks. &#8220;Esmu neticami lepns b\u016bt vien\u0101 sarakst\u0101 ar citiem po\u013cu Eiropas \u010dempioniem.&#8221;<\/p>\n<p>\u0100rmstrongs, lai ar\u012b palika bez titula, bija gandar\u012bts par savu sniegumu. &#8220;Br\u012bni\u0161\u0137\u012bgs rallijs \u2013 bij\u0101m \u0101tr\u0101kie ab\u0101s dien\u0101s un ar\u012b &#8220;Power Stage&#8221;. Nevar\u0113j\u0101m izdar\u012bt neko vair\u0101k,&#8221; vi\u0146\u0161 teica.<\/p>\n<p>Otr\u0101s vietas ieguv\u0113js Ostbergs aizvad\u012bja savas 300. rallija sacens\u012bb\u0101s, g\u016bstot otro vietu un \u0161aj\u0101 reiz\u0113 p\u0101rsp\u0113ja gan Mar\u010diku, gan igau\u0146us Virvesu un Rometu Jirgensonu, kuri ierindoj\u0101s aiz &#8220;Top 3&#8221;. P\u0113d\u0113j\u0101 \u0101trumposm\u0101 Jirgensonam izdev\u0101s apdz\u012bt Lauri Jonu.<\/p>\n<p>Horv\u0101tijas rallija rezult\u0101ti:<img decoding=\"async\" src=\"https:\/\/www.europesays.com\/lv\/wp-content\/uploads\/2025\/10\/erc-3432332.jpg\" class=\"img-fluid\"\/><\/p>\n","protected":false},"excerpt":{"rendered":"\u0100rmstrongs par\u0101d\u012bja lielisku \u0101trumu un stabilit\u0101ti. Sestdien \u012bru pilots ar savu &#8220;Ford Fiesta Rally2&#8221; bija \u0101tr\u0101kais \u010detros no&hellip;\n","protected":false},"author":2,"featured_media":13413,"comment_status":"","ping_status":"","sticky":false,"template":"","format":"standard","meta":{"footnotes":""},"categories":[17],"tags":[35,39,38,36,37,34,40,165,67],"class_list":{"0":"post-13412","1":"post","2":"type-post","3":"status-publish","4":"format-standard","5":"has-post-thumbnail","7":"category-sports","8":"tag-latvia","9":"tag-latvian","10":"tag-latviesu","11":"tag-latviesu-valoda","12":"tag-latviesuvaloda","13":"tag-latvija","14":"tag-lv","15":"tag-motoru-sports","16":"tag-sports"},"share_on_mastodon":{"url":"","error":""},"_links":{"self":[{"href":"https:\/\/www.europesays.com\/lv\/wp-json\/wp\/v2\/posts\/13412","targetHints":{"allow":["GET"]}}],"collection":[{"href":"https:\/\/www.europesays.com\/lv\/wp-json\/wp\/v2\/posts"}],"about":[{"href":"https:\/\/www.europesays.com\/lv\/wp-json\/wp\/v2\/types\/post"}],"author":[{"embeddable":true,"href":"https:\/\/www.europesays.com\/lv\/wp-json\/wp\/v2\/users\/2"}],"replies":[{"embeddable":true,"href":"https:\/\/www.europesays.com\/lv\/wp-json\/wp\/v2\/comments?post=13412"}],"version-history":[{"count":0,"href":"https:\/\/www.europesays.com\/lv\/wp-json\/wp\/v2\/posts\/13412\/revisions"}],"wp:featuredmedia":[{"embeddable":true,"href":"https:\/\/www.europesays.com\/lv\/wp-json\/wp\/v2\/media\/13413"}],"wp:attachment":[{"href":"https:\/\/www.europesays.com\/lv\/wp-json\/wp\/v2\/media?parent=13412"}],"wp:term":[{"taxonomy":"category","embeddable":true,"href":"https:\/\/www.europesays.com\/lv\/wp-json\/wp\/v2\/categories?post=13412"},{"taxonomy":"post_tag","embeddable":true,"href":"https:\/\/www.europesays.com\/lv\/wp-json\/wp\/v2\/tags?post=13412"}],"curies":[{"name":"wp","href":"https:\/\/api.w.org\/{rel}","templated":true}]}}