{"id":13459,"date":"2025-10-06T02:15:21","date_gmt":"2025-10-06T02:15:21","guid":{"rendered":"https:\/\/www.europesays.com\/lv\/13459\/"},"modified":"2025-10-06T02:15:21","modified_gmt":"2025-10-06T02:15:21","slug":"lietuvas-kulturas-ministrs-ignots-adomavics-atkapies-no-amata-pec-plasiem-protestiem-lente-lv","status":"publish","type":"post","link":"https:\/\/www.europesays.com\/lv\/13459\/","title":{"rendered":"Lietuvas kult\u016bras ministrs Ignots Adomavi\u010ds atk\u0101pies no amata p\u0113c pla\u0161iem protestiem\u00a0\u2014\u00a0Lente.lv"},"content":{"rendered":"<p>Demisiju izrais\u012bju\u0161ais Lietuvas kult\u016bras ministrs<\/p>\n<p>Lietuvas kult\u016bras ministrs Ignots Adomavi\u010ds, kura iecel\u0161ana amat\u0101 izrais\u012bja pla\u0161us protestus kult\u016bras darbinieku vid\u016b, ir pazi\u0146ojis par savu demisiju. \u0160is l\u0113mums tika pie\u0146emts piektdien, izbeidzot politisko spriedzi, kas vald\u012bja kop\u0161 vi\u0146a st\u0101\u0161an\u0101s amata.<\/p>\n<p>Pretest\u012bba un kritika<\/p>\n<p>Adomavi\u010da iecel\u0161ana par kult\u016bras ministru no populistisk\u0101s partijas &#8220;Nemunas r\u012btausma&#8221; izsauca negat\u012bvu reakciju no pla\u0161as kult\u016bras kopienas da\u013cas. Vair\u0101k nek\u0101 50 000 cilv\u0113ku parakst\u012bja pet\u012bciju pret vi\u0146a kandidat\u016bru, nor\u0101dot uz vi\u0146a nepietiekamo izpratni par kult\u016bras nozari un iepriek\u0161\u0113jiem publiskiem izteikumiem, kas tika uztverti k\u0101 aizskaro\u0161i vai nepiem\u0113roti. Kult\u016bras darbinieki un organiz\u0101cijas, tostarp Literat\u016bras padome, Lietuvas Izdev\u0113ju asoci\u0101cija un kino festiv\u0101ls &#8220;Scanorama&#8221;, pauda savu neapmierin\u0101t\u012bbu ar Adomavi\u010da iecel\u0161anu, da\u017ei pat atteic\u0101s no valsts prezidenta Gitana Naus\u0113das patron\u0101\u017eas un pazi\u0146oja, ka neaicin\u0101s augst\u0101k\u0101s amatpersonas uz pas\u0101kumiem.<\/p>\n<p>Ministra centieni un atvaino\u0161an\u0101s<\/p>\n<p>Saskaroties ar pla\u0161o kritiku, Adomavi\u010ds publiski atvainoj\u0101s par saviem izteikumiem, uzsverot, ka vi\u0146a nodoms nebija aizskart nevienu. Vi\u0146\u0161 sol\u012bja sadarboties ar kult\u016bras nozari, uzklaus\u012bt kritiku un mekl\u0113t kop\u012bgu valodu, lai stiprin\u0101tu kult\u016bras nozari un nodro\u0161in\u0101tu, ka nozares p\u0101rst\u0101vju v\u0113lmes tiek sadzird\u0113tas. Ministrs ar\u012b pauda atbalstu nozares protestiem, nor\u0101dot uz nepiecie\u0161am\u012bbu risin\u0101t probl\u0113mas Lietuvas kult\u016bras p\u0101rvald\u012bb\u0101.<\/p>\n<p>Politisko notikumu att\u012bst\u012bba<\/p>\n<p>Adomavi\u010da demisija ir da\u013ca no pla\u0161\u0101kiem politiskiem notikumiem Lietuv\u0101, kur nesen tika apstiprin\u0101ta jauna koal\u012bcijas vald\u012bba. Vi\u0146a iecel\u0161ana s\u0101k\u0101s ar str\u012bdiem, tostarp par vi\u0146a nev\u0113l\u0113\u0161anos tie\u0161i atbild\u0113t uz jaut\u0101jumu par Krimas pieder\u012bbu, kas izrais\u012bja papildu sa\u0161utumu. Lai gan premjerministre Inga Ru\u0123iniene pauda cer\u012bbu, ka dialogs pal\u012bdz\u0113s mazin\u0101t spriedzi, kult\u016bras nozares protesti turpin\u0101j\u0101s, tostarp tika pl\u0101nots br\u012bdin\u0101juma streiks. Demisija ir rezult\u0101ts \u0161ai ilgsto\u0161ajai pretest\u012bbai un centieniem pan\u0101kt politisko stabilit\u0101ti.<\/p>\n","protected":false},"excerpt":{"rendered":"Demisiju izrais\u012bju\u0161ais Lietuvas kult\u016bras ministrs Lietuvas kult\u016bras ministrs Ignots Adomavi\u010ds, kura iecel\u0161ana amat\u0101 izrais\u012bja pla\u0161us protestus kult\u016bras darbinieku&hellip;\n","protected":false},"author":2,"featured_media":13460,"comment_status":"","ping_status":"","sticky":false,"template":"","format":"standard","meta":{"footnotes":""},"categories":[14],"tags":[23,57,28,29,4823,32,33,22,4205,30,31,35,39,38,36,37,34,4822,40,4824,20,26,27,4204,24,25,54,55,56,21,58],"class_list":{"0":"post-13459","1":"post","2":"type-post","3":"status-publish","4":"format-standard","5":"has-post-thumbnail","7":"category-zinas-no-arvalstim","8":"tag-aktualitates","9":"tag-arvalstim","10":"tag-breaking-news","11":"tag-breakingnews","12":"tag-demisija","13":"tag-featured-news","14":"tag-featurednews","15":"tag-headlines","16":"tag-ignots-adomavics","17":"tag-latest-news","18":"tag-latestnews","19":"tag-latvia","20":"tag-latvian","21":"tag-latviesu","22":"tag-latviesu-valoda","23":"tag-latviesuvaloda","24":"tag-latvija","25":"tag-lietuvas-kulturas-ministrs","26":"tag-lv","27":"tag-nemunas-ritausma","28":"tag-news","29":"tag-popularakas-zinas","30":"tag-popularakaszinas","31":"tag-protesti","32":"tag-top-stories","33":"tag-topstories","34":"tag-world","35":"tag-world-news","36":"tag-worldnews","37":"tag-zinas","38":"tag-zinas-no-arvalstim"},"share_on_mastodon":{"url":"","error":""},"_links":{"self":[{"href":"https:\/\/www.europesays.com\/lv\/wp-json\/wp\/v2\/posts\/13459","targetHints":{"allow":["GET"]}}],"collection":[{"href":"https:\/\/www.europesays.com\/lv\/wp-json\/wp\/v2\/posts"}],"about":[{"href":"https:\/\/www.europesays.com\/lv\/wp-json\/wp\/v2\/types\/post"}],"author":[{"embeddable":true,"href":"https:\/\/www.europesays.com\/lv\/wp-json\/wp\/v2\/users\/2"}],"replies":[{"embeddable":true,"href":"https:\/\/www.europesays.com\/lv\/wp-json\/wp\/v2\/comments?post=13459"}],"version-history":[{"count":0,"href":"https:\/\/www.europesays.com\/lv\/wp-json\/wp\/v2\/posts\/13459\/revisions"}],"wp:featuredmedia":[{"embeddable":true,"href":"https:\/\/www.europesays.com\/lv\/wp-json\/wp\/v2\/media\/13460"}],"wp:attachment":[{"href":"https:\/\/www.europesays.com\/lv\/wp-json\/wp\/v2\/media?parent=13459"}],"wp:term":[{"taxonomy":"category","embeddable":true,"href":"https:\/\/www.europesays.com\/lv\/wp-json\/wp\/v2\/categories?post=13459"},{"taxonomy":"post_tag","embeddable":true,"href":"https:\/\/www.europesays.com\/lv\/wp-json\/wp\/v2\/tags?post=13459"}],"curies":[{"name":"wp","href":"https:\/\/api.w.org\/{rel}","templated":true}]}}