{"id":13473,"date":"2025-10-06T03:24:08","date_gmt":"2025-10-06T03:24:08","guid":{"rendered":"https:\/\/www.europesays.com\/lv\/13473\/"},"modified":"2025-10-06T03:24:08","modified_gmt":"2025-10-06T03:24:08","slug":"imantas-tragedija-izgaismo-nepilngadigo-piekluvi-koplietosanas-e-velosipediem-ride-sola-stingraku-kontroli-lente-lv","status":"publish","type":"post","link":"https:\/\/www.europesays.com\/lv\/13473\/","title":{"rendered":"Imantas tra\u0123\u0113dija izgaismo nepilngad\u012bgo piek\u013cuvi koplieto\u0161anas e-velosip\u0113diem: \u201cRide\u201d sola stingr\u0101ku kontroli\u00a0\u2014\u00a0Lente.lv"},"content":{"rendered":"<p>Tra\u0123\u0113dija Imant\u0101 izgaismo nepilngad\u012bgo piek\u013cuvi koplieto\u0161anas e-velosip\u0113diem<\/p>\n<p>P\u0113c \u0161ausmino\u0161\u0101 negad\u012bjuma Imant\u0101, kur tra\u0123iski boj\u0101 g\u0101ja divas nepilngad\u012bgas meitenes, intens\u012bvi tiek aktualiz\u0113ts jaut\u0101jums par koplieto\u0161anas elektrisko velosip\u0113du dro\u0161\u012bbu un to, k\u0101 nodro\u0161in\u0101t, ka tos nelieto personas, kuras v\u0113l nav sasniegu\u0161as pilngad\u012bbu. Uz\u0146\u0113mums &#8220;Ride&#8221;, kura nom\u0101tie e-velosip\u0113di tika izmantoti negad\u012bjum\u0101, ir publiski paudis dzi\u013cas skumjas par notiku\u0161o un uzsv\u0113ris savu ap\u0146em\u0161anos uzlabot dro\u0161\u012bbas pas\u0101kumus. Uz\u0146\u0113muma pakalpojuma noteikumi skaidri nosaka, ka e-velosip\u0113dus dr\u012bkst izmantot tikai pilngad\u012bbu sasniegu\u0161as personas, ta\u010du atz\u012bts, ka nepilngad\u012bgie bie\u017ei vien izmanto citu personu datus, lai apietu \u0161os noteikumus.<\/p>\n<p>Uz\u0146\u0113mums pl\u0101no ieviest stingr\u0101kus kontroles meh\u0101nismus<\/p>\n<p>K\u0101 reakcija uz tra\u0123isko notikumu, &#8220;Ride&#8221; akt\u012bvi str\u0101d\u0101 pie jaunu verifik\u0101cijas meh\u0101nismu ievie\u0161anas, lai stingr\u0101k kontrol\u0113tu lietot\u0101ju vecumu. Tiek apsv\u0113rta iesp\u0113ja sasaist\u012bt lietot\u0101ju kontus ar personu apliecino\u0161iem dokumentiem vai maks\u0101jumu kart\u0113m, lai minimiz\u0113tu nepilngad\u012bgo piek\u013cuvi \u0161iem transportl\u012bdzek\u013ciem. Uz\u0146\u0113muma izpilddirektors Edgars J\u0101kobsons ir nor\u0101d\u012bjis, ka \u0161\u0101di so\u013ci pal\u012bdz\u0113tu nov\u0113rst l\u012bdz\u012bgu tra\u0123\u0113diju atk\u0101rto\u0161anos n\u0101kotn\u0113. Lai gan uz\u0146\u0113mums s\u0101kotn\u0113ji paudis viedokli, ka t\u0101 pied\u0101v\u0101tie e-velosip\u0113di atbilst pa\u0161g\u0101j\u0113ju velosip\u0113du defin\u012bcijai un neprasa stingr\u0101kus ekspluat\u0101cijas nosac\u012bjumus, Pat\u0113r\u0113t\u0101ju ties\u012bbu aizsardz\u012bbas centrs (PTAC) ir aicin\u0101jis uz\u0146\u0113mumu nekav\u0113joties aptur\u0113t pakalpojumu snieg\u0161anu un iev\u0113l\u0113t vecuma p\u0101rbaudes r\u012bkus, nor\u0101dot uz riskiem, ko rada nepilngad\u012bgo piek\u013cuve.<\/p>\n<p>Sabiedr\u012bba un instit\u016bcijas rea\u0123\u0113 uz tra\u0123\u0113diju<\/p>\n<p>Imantas tra\u0123\u0113dija ir rosin\u0101jusi pla\u0161as diskusijas par mikromobilit\u0101tes l\u012bdzek\u013cu regul\u0113jumu un atbild\u012bbu Latvij\u0101. R\u012bgas dome un PTAC ir rea\u0123\u0113ju\u0161i, apturot &#8220;Ride&#8221; pakalpojumu snieg\u0161anu un uzs\u0101kot izmekl\u0113\u0161anu. Pils\u0113tas m\u0113rs Viesturs Kleinbergs ir aicin\u0101jis PTAC izv\u0113rt\u0113t iesp\u0113ju iz\u0146emt &#8220;Ride Mobility&#8221; braucamr\u012bkus no aprites, uzsverot, ka, ja tie tiktu klasific\u0113ti k\u0101 mop\u0113di, b\u0113rni tos nedr\u012bkst\u0113tu lietot. Likumdo\u0161anas l\u012bmen\u012b ir ieviesti jaunumi, piem\u0113ram, no 2024. gada 1. janv\u0101ra visiem elektroskrejrite\u0146u vad\u012bt\u0101jiem l\u012bdz 17 gadu vecumam j\u0101lieto aizsarg\u0137ivere, bet p\u0113c \u0161\u012b vecuma sasnieg\u0161anas t\u0101 ir ieteicama. Tom\u0113r svar\u012bgi atcer\u0113ties, ka atbild\u012bba par dro\u0161u satiksmes dal\u012bbnieku piedal\u012b\u0161anos gulstas ar\u012b uz pa\u0161iem lietot\u0101jiem un vi\u0146u vec\u0101kiem, nodro\u0161inot dro\u0161\u012bbas noteikumu un likumu iev\u0113ro\u0161anu.<\/p>\n","protected":false},"excerpt":{"rendered":"Tra\u0123\u0113dija Imant\u0101 izgaismo nepilngad\u012bgo piek\u013cuvi koplieto\u0161anas e-velosip\u0113diem P\u0113c \u0161ausmino\u0161\u0101 negad\u012bjuma Imant\u0101, kur tra\u0123iski boj\u0101 g\u0101ja divas nepilngad\u012bgas meitenes,&hellip;\n","protected":false},"author":2,"featured_media":13474,"comment_status":"","ping_status":"","sticky":false,"template":"","format":"standard","meta":{"footnotes":""},"categories":[5],"tags":[23,28,29,4832,4830,32,33,22,4037,4833,30,31,35,39,38,36,37,34,40,4831,20,26,27,24,25,21],"class_list":{"0":"post-13473","1":"post","2":"type-post","3":"status-publish","4":"format-standard","5":"has-post-thumbnail","7":"category-aktualitates","8":"tag-aktualitates","9":"tag-breaking-news","10":"tag-breakingnews","11":"tag-drosiba-uz-cela","12":"tag-e-velosipedi","13":"tag-featured-news","14":"tag-featurednews","15":"tag-headlines","16":"tag-imanta","17":"tag-koplietosanas-pakalpojumi","18":"tag-latest-news","19":"tag-latestnews","20":"tag-latvia","21":"tag-latvian","22":"tag-latviesu","23":"tag-latviesu-valoda","24":"tag-latviesuvaloda","25":"tag-latvija","26":"tag-lv","27":"tag-nepilngadigie","28":"tag-news","29":"tag-popularakas-zinas","30":"tag-popularakaszinas","31":"tag-top-stories","32":"tag-topstories","33":"tag-zinas"},"share_on_mastodon":{"url":"","error":""},"_links":{"self":[{"href":"https:\/\/www.europesays.com\/lv\/wp-json\/wp\/v2\/posts\/13473","targetHints":{"allow":["GET"]}}],"collection":[{"href":"https:\/\/www.europesays.com\/lv\/wp-json\/wp\/v2\/posts"}],"about":[{"href":"https:\/\/www.europesays.com\/lv\/wp-json\/wp\/v2\/types\/post"}],"author":[{"embeddable":true,"href":"https:\/\/www.europesays.com\/lv\/wp-json\/wp\/v2\/users\/2"}],"replies":[{"embeddable":true,"href":"https:\/\/www.europesays.com\/lv\/wp-json\/wp\/v2\/comments?post=13473"}],"version-history":[{"count":0,"href":"https:\/\/www.europesays.com\/lv\/wp-json\/wp\/v2\/posts\/13473\/revisions"}],"wp:featuredmedia":[{"embeddable":true,"href":"https:\/\/www.europesays.com\/lv\/wp-json\/wp\/v2\/media\/13474"}],"wp:attachment":[{"href":"https:\/\/www.europesays.com\/lv\/wp-json\/wp\/v2\/media?parent=13473"}],"wp:term":[{"taxonomy":"category","embeddable":true,"href":"https:\/\/www.europesays.com\/lv\/wp-json\/wp\/v2\/categories?post=13473"},{"taxonomy":"post_tag","embeddable":true,"href":"https:\/\/www.europesays.com\/lv\/wp-json\/wp\/v2\/tags?post=13473"}],"curies":[{"name":"wp","href":"https:\/\/api.w.org\/{rel}","templated":true}]}}