{"id":13509,"date":"2025-10-06T03:50:14","date_gmt":"2025-10-06T03:50:14","guid":{"rendered":"https:\/\/www.europesays.com\/lv\/13509\/"},"modified":"2025-10-06T03:50:14","modified_gmt":"2025-10-06T03:50:14","slug":"fia-starptautisko-drifta-kausu-izcina-bertans-latvija-uzvar-naciju-kausa-motoru-sports-sportacentrs-com","status":"publish","type":"post","link":"https:\/\/www.europesays.com\/lv\/13509\/","title":{"rendered":"FIA Starptautisko drifta kausu izc\u012bna Bert\u0101ns, Latvija uzvar N\u0101ciju kaus\u0101 \u2013 Motoru sports \u2013 Sportacentrs.com"},"content":{"rendered":"<p>20 gadus vecais Bert\u0101ns, kur\u0161 2021. gad\u0101 \u0161aj\u0101s pa\u0161\u0101s sacens\u012bb\u0101s zaud\u0113ja tikai D\u017eeimsam D\u012bnam, \u0161oreiz k\u013cuva par \u010dempionu, aizvadot p\u0101rliecino\u0161as p\u0101ru braucienu s\u0113rijas ar savu \u201cBMW HGK Eurofighter\u201d. Tre\u0161o vietu ieguva polis P\u0101vels Korpulinskis, savuk\u0101rt Latvija uzvar\u0113ja ar\u012b N\u0101ciju kausa ieskait\u0113, l\u012bdz ar ko \u0161\u012bs izv\u0113rs\u0101s par \u013coti veiksm\u012bg\u0101m m\u0101ju sac\u012bkst\u0113m.<\/p>\n<p>\u201c\u0160is ir noz\u012bm\u012bgs solis man\u0101 karjer\u0101 \u2013 v\u0113l viens tituls, un esmu \u0101rk\u0101rt\u012bgi priec\u012bgs, ka sezona nosl\u0113gusies tik labi,\u201d sac\u012bja Bert\u0101ns. \u201cMilz\u012bgs paldies Danielam par lielisku dueli. Jau sen biju gaid\u012bjis iesp\u0113ju ar vi\u0146u sacensties \u2014 vi\u0146\u0161 s\u0101ka, kad es jau biju \u201cPro\u201d klas\u0113, un tagad abi bij\u0101m fin\u0101l\u0101 uz liel\u0101s skatuves.\u201d<\/p>\n<p>Ce\u013c\u0101 uz iz\u0161\u0137iro\u0161o fin\u0101la braucienu Bert\u0101ns \u201cTop 8\u201d c\u012b\u0146\u0101 p\u0101rsp\u0113ja poli Jakubu Pr\u017eigonski, bet pusfin\u0101l\u0101 p\u0101rsp\u0113ja vi\u0146a tautieti Korpulinski.<\/p>\n<p>Savuk\u0101rt Baumanis ce\u013cu l\u012bdz fin\u0101lam bru\u0123\u0113ja ar dramatisku pusfin\u0101la uzvaru p\u0101r Naseru Alharbali Urjasu no Salvadoras. Kontakts pirmaj\u0101 braucien\u0101 piespieda Urjasu veikt remontu, bet, p\u0113c neiz\u0161\u0137irta otraj\u0101 duel\u012b, sekoja tre\u0161ais, kur\u0101 Baumanis izr\u0101d\u012bj\u0101s p\u0101r\u0101ks. Pirms tam Baumanis \u201cTop 8\u201d c\u012b\u0146\u0101 sak\u0101va Igaunijas p\u0101rst\u0101vi Frederiku Strelkovu.<\/p>\n<p>Urjasam c\u012b\u0146\u0101 par bronzu n\u0101c\u0101s piek\u0101pties Korpulinskim, kad tiesne\u0161i p\u0113c diviem l\u012bdzv\u0113rt\u012bgiem braucieniem lika aizvad\u012bt iz\u0161\u0137iro\u0161u tre\u0161o tand\u0113mu, kur\u0101 polis bija nedaudz prec\u012bz\u0101ks.<\/p>\n<p>Rezult\u0101ti:<img decoding=\"async\" src=\"https:\/\/www.europesays.com\/lv\/wp-content\/uploads\/2025\/10\/bertans-43222.jpg\" class=\"img-fluid\"\/>N\u0101ciju kausa ieskaite:<img decoding=\"async\" src=\"https:\/\/www.europesays.com\/lv\/wp-content\/uploads\/2025\/10\/cup.jpg\" class=\"img-fluid\"\/><\/p>\n","protected":false},"excerpt":{"rendered":"20 gadus vecais Bert\u0101ns, kur\u0161 2021. gad\u0101 \u0161aj\u0101s pa\u0161\u0101s sacens\u012bb\u0101s zaud\u0113ja tikai D\u017eeimsam D\u012bnam, \u0161oreiz k\u013cuva par \u010dempionu,&hellip;\n","protected":false},"author":2,"featured_media":13510,"comment_status":"","ping_status":"","sticky":false,"template":"","format":"standard","meta":{"footnotes":""},"categories":[17],"tags":[35,39,38,36,37,34,40,165,67],"class_list":{"0":"post-13509","1":"post","2":"type-post","3":"status-publish","4":"format-standard","5":"has-post-thumbnail","7":"category-sports","8":"tag-latvia","9":"tag-latvian","10":"tag-latviesu","11":"tag-latviesu-valoda","12":"tag-latviesuvaloda","13":"tag-latvija","14":"tag-lv","15":"tag-motoru-sports","16":"tag-sports"},"share_on_mastodon":{"url":"","error":""},"_links":{"self":[{"href":"https:\/\/www.europesays.com\/lv\/wp-json\/wp\/v2\/posts\/13509","targetHints":{"allow":["GET"]}}],"collection":[{"href":"https:\/\/www.europesays.com\/lv\/wp-json\/wp\/v2\/posts"}],"about":[{"href":"https:\/\/www.europesays.com\/lv\/wp-json\/wp\/v2\/types\/post"}],"author":[{"embeddable":true,"href":"https:\/\/www.europesays.com\/lv\/wp-json\/wp\/v2\/users\/2"}],"replies":[{"embeddable":true,"href":"https:\/\/www.europesays.com\/lv\/wp-json\/wp\/v2\/comments?post=13509"}],"version-history":[{"count":0,"href":"https:\/\/www.europesays.com\/lv\/wp-json\/wp\/v2\/posts\/13509\/revisions"}],"wp:featuredmedia":[{"embeddable":true,"href":"https:\/\/www.europesays.com\/lv\/wp-json\/wp\/v2\/media\/13510"}],"wp:attachment":[{"href":"https:\/\/www.europesays.com\/lv\/wp-json\/wp\/v2\/media?parent=13509"}],"wp:term":[{"taxonomy":"category","embeddable":true,"href":"https:\/\/www.europesays.com\/lv\/wp-json\/wp\/v2\/categories?post=13509"},{"taxonomy":"post_tag","embeddable":true,"href":"https:\/\/www.europesays.com\/lv\/wp-json\/wp\/v2\/tags?post=13509"}],"curies":[{"name":"wp","href":"https:\/\/api.w.org\/{rel}","templated":true}]}}