{"id":13515,"date":"2025-10-06T03:57:07","date_gmt":"2025-10-06T03:57:07","guid":{"rendered":"https:\/\/www.europesays.com\/lv\/13515\/"},"modified":"2025-10-06T03:57:07","modified_gmt":"2025-10-06T03:57:07","slug":"elenger-plano-dabasgazes-majsaimniecibu-segmenta-latvija-iegut-25-tirgus-dienas-bizness","status":"publish","type":"post","link":"https:\/\/www.europesays.com\/lv\/13515\/","title":{"rendered":"Elenger pl\u0101no dabasg\u0101zes m\u0101jsaimniec\u012bbu segment\u0101 Latvij\u0101 ieg\u016bt 25% tirgus :: Dienas Bizness"},"content":{"rendered":"<p class=\"text-font font-size--text-xlarge margin-3--bottom font-weight--bold padding-1--top\">Ener\u0123\u0113tikas uz\u0146\u0113mums &#8220;Elenger&#8221; pl\u0101no tuv\u0101ko gadu laik\u0101 dabasg\u0101zes m\u0101jsaimniec\u012bbu segment\u0101 Latvij\u0101 ieg\u016bstot 25% tirgus, a\u0123ent\u016brai LETA min\u0113ja uz\u0146\u0113muma valdes priek\u0161s\u0113d\u0113t\u0101js D\u0101vis Skulte.<\/p>\n<p class=\"text-font font-size--text-xlarge margin-3--bottom\">&#8220;Eso\u0161\u0101 izaugsme r\u0101da, ka ejam pareiz\u0101 virzien\u0101 &#8211; klientu skaits stabili pieaug. Tas savuk\u0101rt mums \u013cauj turpin\u0101t att\u012bst\u012bbu Latvij\u0101 &#8211; da\u017e\u0101dot ener\u0123ijas portfeli un papla\u0161in\u0101t pied\u0101v\u0101jumu atjaunojam\u0101s ener\u0123ijas jom\u0101,&#8221; pauda Skulte.<\/p>\n<p class=\"text-font font-size--text-xlarge margin-3--bottom\">Vi\u0146\u0161 nor\u0101d\u012bja, ka \u0161\u0101 gada s\u0101kum\u0101 &#8220;Elenger&#8221; veica pirmo komerci\u0101lo biomet\u0101na jeb za\u013c\u0101s g\u0101zes dar\u012bjumu Latvij\u0101, nodro\u0161inot biomet\u0101na pieg\u0101di uz\u0146\u0113mumam, kura m\u0113r\u0137is ir energoapg\u0101d\u0113 atteikties no fosilajiem resursiem, tos aizst\u0101jot ar atjaunojamajiem ergoresursiem.<\/p>\n<p class=\"text-font font-size--text-xlarge margin-3--bottom\">\u0145emot v\u0113r\u0101 gan tirgus situ\u0101ciju, gan &#8220;Elenger&#8221; izaugsmi Latvij\u0101, uz\u0146\u0113mums ir optimistiski noska\u0146ots par jauno apkures sezonu. Tostarp Skulte nor\u0101d\u012bja, ka g\u0101zes cena \u0161obr\u012bd ir b\u016btiski zem\u0101ka nek\u0101 pirms gada, un to akt\u012bvi izmanto klienti.<\/p>\n<p class=\"text-font font-size--text-xlarge margin-3--bottom\">Skulte pauda, ka &#8220;Elenger&#8221; ir piln\u012bb\u0101 gatava 2025.\/2026.gada apkures sezonai, tostarp uz\u0146\u0113mums ir savlaic\u012bgi veicis nepiecie\u0161amos pas\u0101kumus, lai nodro\u0161in\u0101tu klientiem dabasg\u0101zes pieg\u0101des visas sezonas garum\u0101.<\/p>\n<p class=\"text-font font-size--text-xlarge margin-3--bottom\">Vi\u0146\u0161 ar\u012b skaidroja, ka piln\u012bga g\u0101zes rezervju sag\u0101d\u0101\u0161ana nav viens br\u012bdis, bet dinamisks process, kur\u0101 iesaist\u012bti vair\u0101ki faktori &#8211; l\u012bgumu sl\u0113g\u0161ana, kravu rezerv\u0113\u0161ana, lo\u0123istikas koordin\u0101cija, cenu sv\u0101rst\u012bbas un infrastrukt\u016bras kapacit\u0101te. T\u0101p\u0113c da\u013ca iepirkumu var tikt veikta vair\u0101kos posmos, lai saglab\u0101tu elast\u012bbu un samazin\u0101tu riskus, k\u0101 ar\u012b nodro\u0161in\u0101tu lab\u0101ku cenu.<\/p>\n<p class=\"text-font font-size--text-xlarge margin-3--bottom\">&#8220;Elenger&#8221; ir ieg\u0101d\u0101jusies sa\u0161\u0137idrin\u0101t\u0101s dabasg\u0101zes (LNG) kravas un nodro\u0161in\u0101jusi kapacit\u0101ti gan Klaip\u0113das (Lietuva), gan Inko (Somija) LNG termin\u0101\u013cos. Skulte pauda, ka &#8220;Elenger&#8221; \u0161obr\u012bd ir vien\u012bgais dabasg\u0101zes tirgot\u0101js Latvij\u0101, kas akt\u012bvi sadarbojas ar abiem re\u0123iona liel\u0101kajiem termin\u0101\u013ciem, t\u0101d\u0113j\u0101di stiprinot pieg\u0101\u017eu dro\u0161\u012bbu un elast\u012bbu. Dabasg\u0101zi uz\u0146\u0113mums pieg\u0101d\u0101 no partneriem ASV un Norv\u0113\u0123ij\u0101. Da\u013ca no nepiecie\u0161amajiem apjomiem jau ir uzkr\u0101ta Klaip\u0113das un Inko infrastrukt\u016br\u0101, savuk\u0101rt p\u0101r\u0113jo apjomu &#8220;Elenger&#8221; sagaida tuv\u0101kaj\u0101 laik\u0101, k\u0101 to paredz ilgtermi\u0146a pieg\u0101des l\u012bgumi.<\/p>\n<p class=\"text-font font-size--text-xlarge margin-3--bottom\">T\u0101pat &#8220;Elenger&#8221; \u0161aj\u0101 sezon\u0101 turpina izmantot In\u010dukalna pazemes g\u0101zes kr\u0101tuvi (PGK), kas ir b\u016btisks elements dro\u0161as un nep\u0101rtrauktas apg\u0101des nodro\u0161in\u0101\u0161an\u0101 Latvij\u0101. Visi nepiecie\u0161amie dabasg\u0101zes apjomi \u0161ai sezonai jau ir piln\u012bb\u0101 ies\u016bkn\u0113ti In\u010dukalna PGK, un tie tiks izmantoti, lai apkalpotu klientus apkures sezonas laik\u0101.<\/p>\n<p class=\"text-font font-size--text-xlarge margin-3--bottom\">&#8220;Infrastrukt\u016bra darbojas stabili, un esam p\u0101rliecin\u0101ti par t\u0101s gatav\u012bbu ar\u012b ziemas slodz\u0113m,&#8221; nor\u0101d\u012bja Skulte. Vi\u0146\u0161 ar\u012b skaidroja, ka \u0161obr\u012bd g\u0101zes tirgus Eirop\u0101 ir sal\u012bdzino\u0161i stabils &#8211; kr\u0101jumu l\u012bmenis Eiropas kr\u0101tuv\u0113s ir augsts, pieg\u0101des norit raiti bez trauc\u0113jumiem un tirgus cenas ir b\u016btiski zem\u0101kas nek\u0101 p\u0113rn.<\/p>\n<p class=\"text-font font-size--text-xlarge margin-3--bottom\">Piem\u0113ram, dabasg\u0101zes bir\u017eas TTF indekss, kas ir galvenais Eiropas dabasg\u0101zes cenas etalons, \u0161obr\u012bd ir ap 32 eiro par megavatstundu (MWh), kas ir aptuveni par 15% maz\u0101k nek\u0101 pirms gada taj\u0101 pa\u0161\u0101 sezonas posm\u0101. Import\u0113jam\u0101s g\u0101zes robe\u017ecena Eiropas Savien\u012bbas (ES) tirg\u016b gada laik\u0101 ir samazin\u0101jusies par aptuveni 9-10%, kas liecina par labv\u0113l\u012bg\u0101ku tirgus situ\u0101ciju &#8211; pieg\u0101des ir stabilas, konkurence starp pieg\u0101d\u0101t\u0101jiem ir augsta, un glob\u0101laj\u0101 tirg\u016b nav izveidojies defic\u012bts, kas celtu cenas.<\/p>\n<p class=\"text-font font-size--text-xlarge margin-3--bottom\">&#8220;Firmas.lv&#8221; inform\u0101cija liecina, ka &#8220;Elenger&#8221; apgroz\u012bjums pag\u0101ju\u0161aj\u0101 gad\u0101 bija 67,068 miljoni eiro, kas ir par 21,3% maz\u0101k nek\u0101 gadu iepriek\u0161, bet komp\u0101nijas pe\u013c\u0146a saruka par 49,1% un bija 1,97 miljoni eiro.<\/p>\n<p class=\"text-font font-size--text-xlarge margin-3--bottom\">&#8220;Elenger&#8221; re\u0123istr\u0113ta 2017.gad\u0101, un t\u0101 pamatkapit\u0101ls ir 2800 eiro. Komp\u0101nija pieder Igaunij\u0101 re\u0123istr\u0113tajai &#8220;Eesti Gaas&#8221;. Uz\u0146\u0113muma galvenie pieg\u0101des partneri ir starptautisk\u0101s ener\u0123\u0113tikas grupas &#8220;Vitol&#8221; un &#8220;Total&#8221;, k\u0101 ar\u012b Norv\u0113\u0123ijas izcelsmes komp\u0101nija &#8220;Equinor&#8221;.<\/p>\n","protected":false},"excerpt":{"rendered":"Ener\u0123\u0113tikas uz\u0146\u0113mums &#8220;Elenger&#8221; pl\u0101no tuv\u0101ko gadu laik\u0101 dabasg\u0101zes m\u0101jsaimniec\u012bbu segment\u0101 Latvij\u0101 ieg\u016bstot 25% tirgus, a\u0123ent\u016brai LETA min\u0113ja uz\u0146\u0113muma&hellip;\n","protected":false},"author":2,"featured_media":13516,"comment_status":"","ping_status":"","sticky":false,"template":"","format":"standard","meta":{"footnotes":""},"categories":[16],"tags":[869,77,870,76,867,35,39,38,36,37,34,871,868,40,21],"class_list":{"0":"post-13515","1":"post","2":"type-post","3":"status-publish","4":"format-standard","5":"has-post-thumbnail","7":"category-bizness","8":"tag-biznesa-zinas","9":"tag-bizness","10":"tag-bizness-latvija","11":"tag-business","12":"tag-dienas-zinas","13":"tag-latvia","14":"tag-latvian","15":"tag-latviesu","16":"tag-latviesu-valoda","17":"tag-latviesuvaloda","18":"tag-latvija","19":"tag-latvijas-biznesa-zinas","20":"tag-latvijas-zinas","21":"tag-lv","22":"tag-zinas"},"share_on_mastodon":{"url":"","error":""},"_links":{"self":[{"href":"https:\/\/www.europesays.com\/lv\/wp-json\/wp\/v2\/posts\/13515","targetHints":{"allow":["GET"]}}],"collection":[{"href":"https:\/\/www.europesays.com\/lv\/wp-json\/wp\/v2\/posts"}],"about":[{"href":"https:\/\/www.europesays.com\/lv\/wp-json\/wp\/v2\/types\/post"}],"author":[{"embeddable":true,"href":"https:\/\/www.europesays.com\/lv\/wp-json\/wp\/v2\/users\/2"}],"replies":[{"embeddable":true,"href":"https:\/\/www.europesays.com\/lv\/wp-json\/wp\/v2\/comments?post=13515"}],"version-history":[{"count":0,"href":"https:\/\/www.europesays.com\/lv\/wp-json\/wp\/v2\/posts\/13515\/revisions"}],"wp:featuredmedia":[{"embeddable":true,"href":"https:\/\/www.europesays.com\/lv\/wp-json\/wp\/v2\/media\/13516"}],"wp:attachment":[{"href":"https:\/\/www.europesays.com\/lv\/wp-json\/wp\/v2\/media?parent=13515"}],"wp:term":[{"taxonomy":"category","embeddable":true,"href":"https:\/\/www.europesays.com\/lv\/wp-json\/wp\/v2\/categories?post=13515"},{"taxonomy":"post_tag","embeddable":true,"href":"https:\/\/www.europesays.com\/lv\/wp-json\/wp\/v2\/tags?post=13515"}],"curies":[{"name":"wp","href":"https:\/\/api.w.org\/{rel}","templated":true}]}}