{"id":13517,"date":"2025-10-06T03:59:08","date_gmt":"2025-10-06T03:59:08","guid":{"rendered":"https:\/\/www.europesays.com\/lv\/13517\/"},"modified":"2025-10-06T03:59:08","modified_gmt":"2025-10-06T03:59:08","slug":"kleinbergs-pieprasa-ride-mobility-skrejritenu-iznemsanu-no-aprites-ptac-lente-lv","status":"publish","type":"post","link":"https:\/\/www.europesays.com\/lv\/13517\/","title":{"rendered":"Kleinbergs pieprasa &#8220;Ride Mobility&#8221; skrejrite\u0146u iz\u0146em\u0161anu no aprites PTAC\u00a0\u2014\u00a0Lente.lv"},"content":{"rendered":"<p>R\u012bgas m\u0113rs v\u0113r\u0161as PTAC, pieprasot iz\u0146emt &#8220;Ride Mobility&#8221; braucamr\u012bkus no aprites<\/p>\n<p>R\u012bgas pils\u0113tas m\u0113rs Viesturs Kleinbergs ir sask\u0101risies ar nopietnu probl\u0113mu attiec\u012bb\u0101 uz elektrisko skrejrite\u0146u pakalpojumu sniedz\u0113ju &#8220;Ride Mobility&#8221;, v\u0113r\u0161oties Pat\u0113r\u0113t\u0101ju ties\u012bbu aizsardz\u012bbas centr\u0101 (PTAC) ar stingru l\u016bgumu izv\u0113rt\u0113t iesp\u0113ju piln\u012bb\u0101 iz\u0146emt \u0161\u012b uz\u0146\u0113muma pied\u0101v\u0101tos braucamr\u012bkus no publisk\u0101s lieto\u0161anas.<\/p>\n<p>\u0160is solis no m\u0113ra puses nor\u0101da uz padzi\u013cin\u0101tu ba\u017eu kl\u0101tb\u016btni par &#8220;Ride Mobility&#8221; darb\u012bbas dro\u0161umu un atbilst\u012bbu eso\u0161ajiem normat\u012bvajiem aktiem, \u012bpa\u0161i \u0146emot v\u0113r\u0101 mikromobilit\u0101tes l\u012bdzek\u013cu popularit\u0101tes pieaugumu p\u0113d\u0113jos gados. &#8220;Ride Mobility&#8221; ir k\u013cuvis par vienu no vado\u0161ajiem sp\u0113l\u0113t\u0101jiem R\u012bgas tirg\u016b, pied\u0101v\u0101jot \u0113rtu un pieejamu transporta risin\u0101jumu daudziem pils\u0113tas iedz\u012bvot\u0101jiem un viesiem. Tom\u0113r, k\u0101 izriet no m\u0113ra r\u012bc\u012bbas, \u0161\u012b \u0113rt\u012bba var\u0113tu b\u016bt ieguvusi ar\u012b tum\u0161o pusi, radot potenci\u0101lus riskus sabiedr\u012bbas dro\u0161\u012bbai.<\/p>\n<p>Dro\u0161\u012bbas un regul\u0113juma jaut\u0101jumi<\/p>\n<p>Lai gan prec\u012bzi iemesli, kas pamudin\u0101ju\u0161i R\u012bgas m\u0113ru v\u0113rsties PTAC, netiek detaliz\u0113ti atkl\u0101ti, ir skaidrs, ka tie ir saist\u012bti ar dro\u0161\u012bbas un regul\u0113juma aspektiem. Elektrisko skrejrite\u0146u negad\u012bjumi p\u0113d\u0113j\u0101 laik\u0101 k\u013cuvu\u0161i par arvien bie\u017e\u0101ku probl\u0113mu daudz\u0101s pils\u0113t\u0101s vis\u0101 pasaul\u0113. Bie\u017ei vien negad\u012bjumu c\u0113lo\u0146i ir saist\u012bti ar neatbild\u012bgu lieto\u0161anu, p\u0101rsniegtu \u0101trumu, brauk\u0161anu uz trotu\u0101ra vai neparedzamiem manevriem. Papildus tam, past\u0101v ar\u012b ba\u017eas par pa\u0161u skrejrite\u0146u tehnisko st\u0101vokli un dro\u0161\u012bbas standartu iev\u0113ro\u0161anu to ra\u017eo\u0161an\u0101 un uztur\u0113\u0161an\u0101.<\/p>\n<p>\u0160is Kleinberga l\u0113mums ir likumsakar\u012bgs turpin\u0101jums diskusij\u0101m par mikromobilit\u0101tes l\u012bdzek\u013cu integr\u0101ciju pils\u0113tvid\u0113. Lai gan tie pied\u0101v\u0101 vides draudz\u012bgu alternat\u012bvu \u012bsiem braucieniem, pils\u0113tas domei un atbild\u012bgaj\u0101m iest\u0101d\u0113m ir j\u0101atrod l\u012bdzsvars starp br\u012bvu pakalpojumu pieejam\u012bbu un iedz\u012bvot\u0101ju dro\u0161\u012bbu. Iepriek\u0161\u0113jie gad\u012bjumi, kad l\u012bdz\u012bgi pakalpojumu sniedz\u0113ji ir sask\u0101ru\u0161ies ar kritiku un regul\u0113juma probl\u0113m\u0101m, liecina par nepiecie\u0161am\u012bbu p\u0113c stingr\u0101kas uzraudz\u012bbas un kontroles.<\/p>\n<p>PTAC loma un iesp\u0113jam\u0101s sekas<\/p>\n<p>Pat\u0113r\u0113t\u0101ju ties\u012bbu aizsardz\u012bbas centrs ir instit\u016bcija, kuras uzdevums ir nodro\u0161in\u0101t, lai tirg\u016b pieejamie produkti un pakalpojumi atbilstu dro\u0161\u012bbas un kvalit\u0101tes standartiem, k\u0101 ar\u012b lai pat\u0113r\u0113t\u0101ju ties\u012bbas tiktu aizsarg\u0101tas. Ja PTAC atz\u012bs, ka &#8220;Ride Mobility&#8221; pied\u0101v\u0101tie braucamr\u012bki rada nepamatotus riskus vai ir neatbilsto\u0161i normat\u012bvajiem aktiem, tas var\u0113tu izdot r\u012bkojumu par to paga\u0161\u016b vai past\u0101v\u012bgu iz\u0146em\u0161anu no aprites. Tas noz\u012bm\u0113tu, ka &#8220;Ride Mobility&#8221; vairs nevar\u0113tu pied\u0101v\u0101t savus pakalpojumus R\u012bg\u0101, vismaz l\u012bdz br\u012bdim, kad tiktu nov\u0113rstas konstat\u0113t\u0101s probl\u0113mas.<\/p>\n<p>\u0160\u0101ds PTAC l\u0113mums rad\u012btu iev\u0113rojamu ietekmi ne tikai uz pa\u0161u &#8220;Ride Mobility&#8221;, bet ar\u012b uz daudziem pils\u0113tas iedz\u012bvot\u0101jiem, kuri pa\u013caujas uz \u0161iem skrejrite\u0146iem ikdienas p\u0101rvieto\u0161an\u0101s vajadz\u012bb\u0101m. Tas ar\u012b veicin\u0101tu pla\u0161\u0101ku diskusiju par mikromobilit\u0101tes pakalpojumu n\u0101kotni Latvijas pils\u0113t\u0101s un nepiecie\u0161am\u012bbu p\u0113c skaidr\u0101kiem un stingr\u0101kiem noteikumiem \u0161o pakalpojumu snieg\u0161anai.<\/p>\n<p>N\u0101kotnes perspekt\u012bvas mikromobilit\u0101tei R\u012bg\u0101<\/p>\n<p>R\u012bgas domes un citu attiec\u012bgo instit\u016bciju uzdevums ir ne tikai rea\u0123\u0113t uz eso\u0161aj\u0101m probl\u0113m\u0101m, bet ar\u012b akt\u012bvi veidot n\u0101kotnes politiku mikromobilit\u0101tes jom\u0101. Tas ietver skaidru noteikumu izstr\u0101di par skrejrite\u0146u novieto\u0161anu, \u0101truma ierobe\u017eojumiem, dro\u0161\u012bbas apr\u012bkojumu un atbild\u012bbu negad\u012bjumu gad\u012bjum\u0101. Ar\u012b sadarb\u012bba ar pakalpojumu sniedz\u0113jiem ir b\u016btiska, lai nodro\u0161in\u0101tu, ka tie iev\u0113ro visus nosac\u012bjumus un veicina dro\u0161u un atbild\u012bgu lieto\u0161anu. K\u0101 r\u0101da \u0161is gad\u012bjums ar &#8220;Ride Mobility&#8221;, pat\u0113r\u0113t\u0101ju dro\u0161\u012bba un sabiedr\u012bbas intereses ir prim\u0101ras, un t\u0101s nedr\u012bkst tikt pak\u013cautas riskam pakalpojumu sniedz\u0113ju komerci\u0101lo intere\u0161u d\u0113\u013c.<\/p>\n<p>\u0160\u012b situ\u0101cijas att\u012bst\u012bba ir cie\u0161i j\u0101uzmana, jo t\u0101 var noteikt turpm\u0101kos so\u013cus attiec\u012bb\u0101 uz elektrisko skrejrite\u0146u un citu mikromobilit\u0101tes l\u012bdzek\u013cu regul\u0113jumu Latvij\u0101. Sabiedr\u012bbai ir ties\u012bbas sagaid\u012bt dro\u0161us un regul\u0113tus pakalpojumus, un r\u012bc\u012bba, ko veic R\u012bgas m\u0113rs, ir solis \u0161\u012b m\u0113r\u0137a virzien\u0101.<\/p>\n","protected":false},"excerpt":{"rendered":"R\u012bgas m\u0113rs v\u0113r\u0161as PTAC, pieprasot iz\u0146emt &#8220;Ride Mobility&#8221; braucamr\u012bkus no aprites R\u012bgas pils\u0113tas m\u0113rs Viesturs Kleinbergs ir sask\u0101risies&hellip;\n","protected":false},"author":2,"featured_media":13518,"comment_status":"","ping_status":"","sticky":false,"template":"","format":"standard","meta":{"footnotes":""},"categories":[12],"tags":[23,28,29,4851,32,33,22,30,31,35,39,38,36,37,34,40,4852,20,26,27,4211,4850,24,25,2187,21],"class_list":{"0":"post-13517","1":"post","2":"type-post","3":"status-publish","4":"format-standard","5":"has-post-thumbnail","7":"category-latvija","8":"tag-aktualitates","9":"tag-breaking-news","10":"tag-breakingnews","11":"tag-elektriskie-skrejriteni","12":"tag-featured-news","13":"tag-featurednews","14":"tag-headlines","15":"tag-latest-news","16":"tag-latestnews","17":"tag-latvia","18":"tag-latvian","19":"tag-latviesu","20":"tag-latviesu-valoda","21":"tag-latviesuvaloda","22":"tag-latvija","23":"tag-lv","24":"tag-mikromobilitate","25":"tag-news","26":"tag-popularakas-zinas","27":"tag-popularakaszinas","28":"tag-ptac","29":"tag-ride-mobility","30":"tag-top-stories","31":"tag-topstories","32":"tag-viesturs-kleinbergs","33":"tag-zinas"},"share_on_mastodon":{"url":"","error":""},"_links":{"self":[{"href":"https:\/\/www.europesays.com\/lv\/wp-json\/wp\/v2\/posts\/13517","targetHints":{"allow":["GET"]}}],"collection":[{"href":"https:\/\/www.europesays.com\/lv\/wp-json\/wp\/v2\/posts"}],"about":[{"href":"https:\/\/www.europesays.com\/lv\/wp-json\/wp\/v2\/types\/post"}],"author":[{"embeddable":true,"href":"https:\/\/www.europesays.com\/lv\/wp-json\/wp\/v2\/users\/2"}],"replies":[{"embeddable":true,"href":"https:\/\/www.europesays.com\/lv\/wp-json\/wp\/v2\/comments?post=13517"}],"version-history":[{"count":0,"href":"https:\/\/www.europesays.com\/lv\/wp-json\/wp\/v2\/posts\/13517\/revisions"}],"wp:featuredmedia":[{"embeddable":true,"href":"https:\/\/www.europesays.com\/lv\/wp-json\/wp\/v2\/media\/13518"}],"wp:attachment":[{"href":"https:\/\/www.europesays.com\/lv\/wp-json\/wp\/v2\/media?parent=13517"}],"wp:term":[{"taxonomy":"category","embeddable":true,"href":"https:\/\/www.europesays.com\/lv\/wp-json\/wp\/v2\/categories?post=13517"},{"taxonomy":"post_tag","embeddable":true,"href":"https:\/\/www.europesays.com\/lv\/wp-json\/wp\/v2\/tags?post=13517"}],"curies":[{"name":"wp","href":"https:\/\/api.w.org\/{rel}","templated":true}]}}