{"id":13521,"date":"2025-10-06T04:01:07","date_gmt":"2025-10-06T04:01:07","guid":{"rendered":"https:\/\/www.europesays.com\/lv\/13521\/"},"modified":"2025-10-06T04:01:07","modified_gmt":"2025-10-06T04:01:07","slug":"kuldiga-pedejo-reizi-notiks-skatuves-makslas-festivals-teatris-ir-visur-kuldiga-lente-lv","status":"publish","type":"post","link":"https:\/\/www.europesays.com\/lv\/13521\/","title":{"rendered":"Kuld\u012bg\u0101 p\u0113d\u0113jo reizi notiks skatuves m\u0101kslas festiv\u0101ls \u00abTe\u0101tris ir visur Kuld\u012bg\u0101\u00bb\u00a0\u2014\u00a0Lente.lv"},"content":{"rendered":"<p>Festiv\u0101ls \u00abTe\u0101tris ir visur Kuld\u012bg\u0101\u00bb Kuld\u012bg\u0101 notiks p\u0113d\u0113jo reizi<\/p>\n<p>Kuld\u012bg\u0101 \u0161ogad, 11. un 12. oktobr\u012b, desmito un p\u0113d\u0113jo reizi norisin\u0101sies skatuves m\u0101kslas festiv\u0101ls \u00abTe\u0101tris ir visur Kuld\u012bg\u0101\u00bb. \u0160is pas\u0101kums, kas kop\u0161 2016. gada ik rudeni pulc\u0113jis gan viet\u0113jos iedz\u012bvot\u0101jus, gan viesus, pied\u0101v\u0101jot te\u0101tra un citus kult\u016bras notikumus gan ierast\u0101s, gan neierast\u0101s viet\u0101s, beidz savu desmit gadus ilgo ce\u013cojumu.<\/p>\n<p>Festiv\u0101la m\u0101ksliniecisk\u0101 vad\u012bt\u0101ja un idejas autore Dana Bjorka atminas, ka pirms desmit gadiem festiv\u0101la aizs\u0101kums bijis spo\u017es un ener\u0123ijas pilns impulss, lai iekarotu Kuld\u012bgas skat\u012bt\u0101ju sirdis. \u00abAr \u0161odienas ac\u012bm atskatoties, pirms desmit gadiem festiv\u0101la norise bija spont\u0101na, lielas ener\u0123ijas urd\u012bta v\u0113lme un amb\u012bcija atsaukties Kuld\u012bgas pa\u0161vald\u012bbas aicin\u0101jumam Kuld\u012bg\u0101 veidot skatuves m\u0101kslas festiv\u0101lu,\u00bb saka Bjorka. Vi\u0146a piebilst, ka, lai gan s\u0101kum\u0101 nebija dzi\u013cas izpratnes par kurzemnieku kult\u016bras pat\u0113ri\u0146a paradumiem, ar paciet\u012bbu un p\u0101rliec\u012bbu izdevies iekarot publikas atzin\u012bbu, jo skat\u012bt\u0101ju rindas alla\u017e biju\u0161as kuplas.<\/p>\n<p>Nobeigums un mantojums<\/p>\n<p>\u00abLiekas tikai pareizi \u0161o skaisto festiv\u0101la trad\u012bciju nosl\u0113gt \u0161ogad, kad festiv\u0101lam aprit desmit gadi,\u00bb atz\u012bst Bjorka. Vi\u0146a pau\u017e cer\u012bbu, ka festiv\u0101ls ir pal\u012bdz\u0113jis Kuld\u012bgas kult\u016bras dz\u012bvei uzplaukt, un tagad ir laiks jaun\u0101m idej\u0101m un trad\u012bcij\u0101m. Vi\u0146a aicina visus v\u0113l p\u0113d\u0113jo reizi apmekl\u0113t festiv\u0101la notikumus un baud\u012bt nozares un skat\u012bt\u0101ju iem\u012b\u013cotus skatuves m\u0101kslas notikumus, kas veidoti atbilsto\u0161i ikgad\u0113jam m\u0101kslinieciskajam uzst\u0101d\u012bjumam.<\/p>\n<p>Ar\u012b Kuld\u012bgas novada domes priek\u0161s\u0113d\u0113t\u0101ja Inese Asta\u0161evska uzsver, ka te\u0101tris piest\u0101v Kuld\u012bgai ar t\u0101s unik\u0101lo kult\u016bras atmosf\u0113ru un v\u0113sturisko \u0161armu. Vi\u0146a nor\u0101da, ka festiv\u0101ls ir bijis skaists ce\u013cojums, kas bag\u0101tin\u0101jis novada kult\u016bras dz\u012bvi un d\u0101v\u0101jis neaizmirstamus mirk\u013cus.<\/p>\n","protected":false},"excerpt":{"rendered":"Festiv\u0101ls \u00abTe\u0101tris ir visur Kuld\u012bg\u0101\u00bb Kuld\u012bg\u0101 notiks p\u0113d\u0113jo reizi Kuld\u012bg\u0101 \u0161ogad, 11. un 12. oktobr\u012b, desmito un p\u0113d\u0113jo&hellip;\n","protected":false},"author":2,"featured_media":13522,"comment_status":"","ping_status":"","sticky":false,"template":"","format":"standard","meta":{"footnotes":""},"categories":[19],"tags":[89,1383,90,828,64,35,39,38,36,37,34,40,4854,4853],"class_list":{"0":"post-13521","1":"post","2":"type-post","3":"status-publish","4":"format-standard","5":"has-post-thumbnail","7":"category-izklaide","8":"tag-entertainment","9":"tag-festivals","10":"tag-izklaide","11":"tag-kuldiga","12":"tag-kultura","13":"tag-latvia","14":"tag-latvian","15":"tag-latviesu","16":"tag-latviesu-valoda","17":"tag-latviesuvaloda","18":"tag-latvija","19":"tag-lv","20":"tag-skatuves-makslas-festivals","21":"tag-teatris-ir-visur-kuldiga"},"share_on_mastodon":{"url":"","error":""},"_links":{"self":[{"href":"https:\/\/www.europesays.com\/lv\/wp-json\/wp\/v2\/posts\/13521","targetHints":{"allow":["GET"]}}],"collection":[{"href":"https:\/\/www.europesays.com\/lv\/wp-json\/wp\/v2\/posts"}],"about":[{"href":"https:\/\/www.europesays.com\/lv\/wp-json\/wp\/v2\/types\/post"}],"author":[{"embeddable":true,"href":"https:\/\/www.europesays.com\/lv\/wp-json\/wp\/v2\/users\/2"}],"replies":[{"embeddable":true,"href":"https:\/\/www.europesays.com\/lv\/wp-json\/wp\/v2\/comments?post=13521"}],"version-history":[{"count":0,"href":"https:\/\/www.europesays.com\/lv\/wp-json\/wp\/v2\/posts\/13521\/revisions"}],"wp:featuredmedia":[{"embeddable":true,"href":"https:\/\/www.europesays.com\/lv\/wp-json\/wp\/v2\/media\/13522"}],"wp:attachment":[{"href":"https:\/\/www.europesays.com\/lv\/wp-json\/wp\/v2\/media?parent=13521"}],"wp:term":[{"taxonomy":"category","embeddable":true,"href":"https:\/\/www.europesays.com\/lv\/wp-json\/wp\/v2\/categories?post=13521"},{"taxonomy":"post_tag","embeddable":true,"href":"https:\/\/www.europesays.com\/lv\/wp-json\/wp\/v2\/tags?post=13521"}],"curies":[{"name":"wp","href":"https:\/\/api.w.org\/{rel}","templated":true}]}}