{"id":135212,"date":"2026-02-19T19:31:08","date_gmt":"2026-02-19T19:31:08","guid":{"rendered":"https:\/\/www.europesays.com\/lv\/135212\/"},"modified":"2026-02-19T19:31:08","modified_gmt":"2026-02-19T19:31:08","slug":"kalve-coffee-plano-sakt-darbibu-portugale","status":"publish","type":"post","link":"https:\/\/www.europesays.com\/lv\/135212\/","title":{"rendered":"&#8220;Kalve Coffee&#8221; pl\u0101no s\u0101kt darb\u012bbu Portug\u0101l\u0113"},"content":{"rendered":"<p>T\u0101pat &#8220;Kalve Coffee&#8221; pl\u0101no atv\u0113rt jaunu kafejn\u012bcu Vi\u013c\u0146\u0101, Lietuv\u0101.<\/p>\n<p>Uz\u0146\u0113mum\u0101 atz\u012bm\u0113, ka patlaban Igaunij\u0101 B2B jeb &#8220;bizness biznesam&#8221; sektor\u0101 past\u0101v zem\u0101ka konkurence, t\u0101p\u0113c &#8220;Kalve Coffee&#8221; pl\u0101no att\u012bst\u012bt ar\u012b \u0161o virzienu.<\/p>\n<p>Vienlaikus &#8220;Kalve Coffee&#8221; pl\u0101no invest\u0113t e-komercijas att\u012bst\u012bb\u0101 un mekl\u0113t jaunus tirgus.<\/p>\n<p>Savuk\u0101rt uz\u0146\u0113muma pe\u013c\u0146u pl\u0101nots ieguld\u012bt galvenok\u0101rt uz\u0146\u0113muma izaugsm\u0113.<\/p>\n<p>&#8220;Kalve Coffee&#8221; vad\u012bba pe\u013c\u0146u pirms procentiem, nodok\u013ciem, nolietojuma un amortiz\u0101cijas jeb EBITDA 2026. gad\u0101 prognoz\u0113 ap 400 000 eiro.<\/p>\n<p>Jau zi\u0146ots, ka &#8220;Kalve Coffee&#8221; apgroz\u012bjums p\u0113rn bija 5,3 miljoni eiro, kas ir provizoriski par 55% vair\u0101k nek\u0101 gadu iepriek\u0161, liecina komp\u0101nijas sniegt\u0101 inform\u0101cija bir\u017eai &#8220;Nasdaq Riga&#8221;.<\/p>\n<p>Uz\u0146\u0113muma pazi\u0146ojum\u0101 nor\u0101d\u012bts, ka 2025. gad\u0101 atv\u0113rtas septi\u0146as jaunas kafejn\u012bcas R\u012bg\u0101, Tallin\u0101, Vi\u013c\u0146\u0101 un Par\u012bz\u0113, k\u0101 ar\u012b klientiem iznom\u0101to kafijas autom\u0101tu skaits pieauga 2,4 reizes.<\/p>\n<p>&#8220;Kalve Coffee&#8221; pag\u0101ju\u0161aj\u0101 gad\u0101 kapit\u0101lieguld\u012bjumos un cit\u0101s uz\u0146\u0113m\u0113jdarb\u012bbas att\u012bst\u012bbas izmaks\u0101s invest\u0113ja 1,4 miljonus eiro.<\/p>\n","protected":false},"excerpt":{"rendered":"T\u0101pat &#8220;Kalve Coffee&#8221; pl\u0101no atv\u0113rt jaunu kafejn\u012bcu Vi\u013c\u0146\u0101, Lietuv\u0101. Uz\u0146\u0113mum\u0101 atz\u012bm\u0113, ka patlaban Igaunij\u0101 B2B jeb &#8220;bizness biznesam&#8221;&hellip;\n","protected":false},"author":2,"featured_media":135213,"comment_status":"","ping_status":"","sticky":false,"template":"","format":"standard","meta":{"footnotes":"","_share_on_mastodon":"0"},"categories":[12],"tags":[23,28,29,32,33,22,29845,29844,30,31,35,39,38,36,37,34,40,20,26,27,865,24,25,21],"class_list":["post-135212","post","type-post","status-publish","format-standard","has-post-thumbnail","category-latvija","tag-aktualitates","tag-breaking-news","tag-breakingnews","tag-featured-news","tag-featurednews","tag-headlines","tag-kafija","tag-kalve-coffee","tag-latest-news","tag-latestnews","tag-latvia","tag-latvian","tag-latviesu","tag-latviesu-valoda","tag-latviesuvaloda","tag-latvija","tag-lv","tag-news","tag-popularakas-zinas","tag-popularakaszinas","tag-portugale","tag-top-stories","tag-topstories","tag-zinas"],"share_on_mastodon":{"url":"https:\/\/pubeurope.com\/@lv\/116098962720505961","error":""},"_links":{"self":[{"href":"https:\/\/www.europesays.com\/lv\/wp-json\/wp\/v2\/posts\/135212","targetHints":{"allow":["GET"]}}],"collection":[{"href":"https:\/\/www.europesays.com\/lv\/wp-json\/wp\/v2\/posts"}],"about":[{"href":"https:\/\/www.europesays.com\/lv\/wp-json\/wp\/v2\/types\/post"}],"author":[{"embeddable":true,"href":"https:\/\/www.europesays.com\/lv\/wp-json\/wp\/v2\/users\/2"}],"replies":[{"embeddable":true,"href":"https:\/\/www.europesays.com\/lv\/wp-json\/wp\/v2\/comments?post=135212"}],"version-history":[{"count":0,"href":"https:\/\/www.europesays.com\/lv\/wp-json\/wp\/v2\/posts\/135212\/revisions"}],"wp:featuredmedia":[{"embeddable":true,"href":"https:\/\/www.europesays.com\/lv\/wp-json\/wp\/v2\/media\/135213"}],"wp:attachment":[{"href":"https:\/\/www.europesays.com\/lv\/wp-json\/wp\/v2\/media?parent=135212"}],"wp:term":[{"taxonomy":"category","embeddable":true,"href":"https:\/\/www.europesays.com\/lv\/wp-json\/wp\/v2\/categories?post=135212"},{"taxonomy":"post_tag","embeddable":true,"href":"https:\/\/www.europesays.com\/lv\/wp-json\/wp\/v2\/tags?post=135212"}],"curies":[{"name":"wp","href":"https:\/\/api.w.org\/{rel}","templated":true}]}}