{"id":13525,"date":"2025-10-06T04:07:08","date_gmt":"2025-10-06T04:07:08","guid":{"rendered":"https:\/\/www.europesays.com\/lv\/13525\/"},"modified":"2025-10-06T04:07:08","modified_gmt":"2025-10-06T04:07:08","slug":"sveices-avangarda-muziki-orchestre-tout-puissant-marcel-duchamp-sniegs-koncertu-riga-lente-lv-2","status":"publish","type":"post","link":"https:\/\/www.europesays.com\/lv\/13525\/","title":{"rendered":"\u0160veices avangarda m\u016bzi\u0137i \u201cOrchestre Tout Puissant Marcel Duchamp\u201d sniegs koncertu R\u012bg\u0101\u00a0\u2014\u00a0Lente.lv"},"content":{"rendered":"<p>\u201cOrchestre Tout Puissant Marcel Duchamp\u201d R\u012bg\u0101: Kad m\u016bzika k\u013c\u016bst par piedz\u012bvojumu<\/p>\n<p>\u0160veices avangarda m\u016bzikas kolekt\u012bvs \u201cOrchestre Tout Puissant Marcel Duchamp\u201d (OTPMD) 23. oktobr\u012b sniegs unik\u0101lu koncertu R\u012bg\u0101, \u201cVagonu hall\u0113\u201d. \u0160is ir gaid\u012bts notikums m\u016bzikas cien\u012bt\u0101jiem, kuri mekl\u0113 neparastus un \u017eanru robe\u017eas p\u0101rk\u0101pjo\u0161us muzik\u0101lus baud\u012bjumus. Grupa, kas paz\u012bstama ar savu eklektisko pieeju un eksperiment\u0101liem ska\u0146darbiem, sola neaizmirstamu pieredzi, kas apvieno da\u017e\u0101dus m\u016bzikas stilus vien\u0101 elpu aizraujo\u0161\u0101 veselum\u0101.<\/p>\n<p>M\u016bzikas robe\u017eu jauc\u0113ji no \u0160veices<\/p>\n<p>\u201cOrchestre Tout Puissant Marcel Duchamp\u201d, ko 2006. gad\u0101 \u017den\u0113v\u0101 dibin\u0101jis kontrabasists Vinsents Bertholets, ir k\u013cuvis par sinon\u012bmu drosm\u012bgai un inovat\u012bvai m\u016bzikai. Grupas nosaukums, kas ir velt\u012bjums slavenajam dadaisma m\u0101ksliniekam Marselam Di\u0161\u0101nam, lieliski atspogu\u013co t\u0101s rado\u0161o garu \u2013 nebaid\u012bties izaicin\u0101t past\u0101vo\u0161\u0101s normas un mekl\u0113t jaunas izpausmes formas. OTPMD apvieno da\u017e\u0101dus \u017eanrus, radot unik\u0101lu ska\u0146u ainavu, kas sev\u012b ietver gan d\u017eeza, folka un popa elementus, gan \u0100frikas ritmus, krautroku un pat postpanku. Vi\u0146u m\u016bzika ir k\u0101 kr\u0101sains gobel\u0113ns, kur\u0101 katrs pavediens ir r\u016bp\u012bgi izaudz\u0113ts, lai rad\u012btu harmonisku, bet vienlaikus p\u0101rsteidzo\u0161u kopumu. Grupas sast\u0101vs ir main\u012bgs, bet vienm\u0113r taj\u0101 ir apvienoti divpadsmit talant\u012bgi m\u016bzi\u0137i, kuri virtuoziski p\u0101rvalda pla\u0161u instrumentu kl\u0101stu, s\u0101kot no p\u016b\u0161aminstrumentiem un st\u012bgu instrumentiem l\u012bdz pat sitaminstrumentiem un marimb\u0101m.<\/p>\n<p>Daudzpus\u012bba un eksperiment\u0101l\u0101 dom\u0101\u0161ana<\/p>\n<p>OTPMD m\u016bzika tiek rakturota k\u0101 priec\u012bga, izdomas bag\u0101ta un ener\u0123iska. T\u0101 sp\u0113j iepriecin\u0101t ar saviem sare\u017e\u0123\u012btajiem aran\u017e\u0113jumiem, aspr\u0101t\u012bgo liriku un sp\u0113ju rad\u012bt dzi\u013ci aizraujo\u0161u klaus\u012b\u0161an\u0101s pieredzi. K\u0101 nor\u0101d\u012bts m\u016bzikas apskatnieku atsauksm\u0113s, grupas rota\u013c\u012bg\u0101 ener\u0123ija un bag\u0101t\u012bg\u0101 ska\u0146u palete vislab\u0101k atkl\u0101jas dz\u012bvajos koncertos, kur skat\u012bt\u0101ji var sajust m\u016bzi\u0137u sasp\u0113li un rado\u0161o lidojumu. Grupas sestais albums \u201cVentre Unique\u201d, kas izdots 2024. gad\u0101, ir apliecin\u0101jums vi\u0146u sp\u0113jai neman\u0101mi apvienot da\u017e\u0101dus muzik\u0101los stilus, radot gan emocion\u0101li pies\u0101tin\u0101tu, gan dz\u012bvespriec\u012bgu skan\u0113jumu. \u0160is albums ir k\u0101 dinamiska izp\u0113te, kas atspogu\u013co dal\u012bbnieku pla\u0161\u0101s muzik\u0101l\u0101s intereses un \u013cauj klaus\u012bt\u0101jam doties aizraujo\u0161\u0101 ska\u0146u ce\u013cojum\u0101.<\/p>\n<p>Koncerts R\u012bg\u0101: unik\u0101la iesp\u0113ja<\/p>\n<p>Koncerts \u201cVagonu hall\u0113\u201d 23. oktobr\u012b sol\u0101s b\u016bt neaizmirstams notikums. Tas ir retums Latvijas koncertdz\u012bv\u0113 piedz\u012bvot tik daudzpus\u012bgu un inovat\u012bvu m\u0101kslinieku kopumu, kas sp\u0113j jukt \u017eanru robe\u017eas. OTPMD m\u016bzika ir k\u0101 piedz\u012bvojums, kas aicina klaus\u012bt\u0101ju ne vien izbaud\u012bt ska\u0146as, bet ar\u012b atkl\u0101t jaunas muzik\u0101las teritorijas. Vi\u0146u uzst\u0101\u0161an\u0101s ir ne tikai koncerts, bet ar\u012b izr\u0101de, kas aizrauj ar savu spontanit\u0101ti un rado\u0161o br\u012bv\u012bbu. Grupas dal\u012bbnieki ir ne tikai talant\u012bgi m\u016bzi\u0137i, bet ar\u012b m\u0101kslinieki, kas sav\u0101s izpausm\u0113s ietver rado\u0161\u0101s skolas eleganci un starptautisku pieska\u0146u. Tie\u0161i \u0161\u012b daudzpus\u012bba un sp\u0113ja p\u0101rsteigt padara \u201cOrchestre Tout Puissant Marcel Duchamp\u201d par vienu no interesant\u0101kajiem un novatorisk\u0101kajiem kolekt\u012bviem m\u016bsdienu avangarda m\u016bzikas sc\u0113n\u0101.<\/p>\n<p>Koncerta organizators ir SIA \u201cKlekale\u201d. Bi\u013cetes pieejamas \u201cTicketshop.lv\u201d.<\/p>\n","protected":false},"excerpt":{"rendered":"\u201cOrchestre Tout Puissant Marcel Duchamp\u201d R\u012bg\u0101: Kad m\u016bzika k\u013c\u016bst par piedz\u012bvojumu \u0160veices avangarda m\u016bzikas kolekt\u012bvs \u201cOrchestre Tout Puissant&hellip;\n","protected":false},"author":2,"featured_media":13526,"comment_status":"","ping_status":"","sticky":false,"template":"","format":"standard","meta":{"footnotes":""},"categories":[19],"tags":[4836,89,90,656,35,39,38,36,37,34,40,4834,4835,4837],"class_list":{"0":"post-13525","1":"post","2":"type-post","3":"status-publish","4":"format-standard","5":"has-post-thumbnail","7":"category-izklaide","8":"tag-avangarda-muzika","9":"tag-entertainment","10":"tag-izklaide","11":"tag-koncerts-riga","12":"tag-latvia","13":"tag-latvian","14":"tag-latviesu","15":"tag-latviesu-valoda","16":"tag-latviesuvaloda","17":"tag-latvija","18":"tag-lv","19":"tag-orchestre-tout-puissant-marcel-duchamp","20":"tag-sveices-muzika","21":"tag-vagonu-halle"},"share_on_mastodon":{"url":"","error":""},"_links":{"self":[{"href":"https:\/\/www.europesays.com\/lv\/wp-json\/wp\/v2\/posts\/13525","targetHints":{"allow":["GET"]}}],"collection":[{"href":"https:\/\/www.europesays.com\/lv\/wp-json\/wp\/v2\/posts"}],"about":[{"href":"https:\/\/www.europesays.com\/lv\/wp-json\/wp\/v2\/types\/post"}],"author":[{"embeddable":true,"href":"https:\/\/www.europesays.com\/lv\/wp-json\/wp\/v2\/users\/2"}],"replies":[{"embeddable":true,"href":"https:\/\/www.europesays.com\/lv\/wp-json\/wp\/v2\/comments?post=13525"}],"version-history":[{"count":0,"href":"https:\/\/www.europesays.com\/lv\/wp-json\/wp\/v2\/posts\/13525\/revisions"}],"wp:featuredmedia":[{"embeddable":true,"href":"https:\/\/www.europesays.com\/lv\/wp-json\/wp\/v2\/media\/13526"}],"wp:attachment":[{"href":"https:\/\/www.europesays.com\/lv\/wp-json\/wp\/v2\/media?parent=13525"}],"wp:term":[{"taxonomy":"category","embeddable":true,"href":"https:\/\/www.europesays.com\/lv\/wp-json\/wp\/v2\/categories?post=13525"},{"taxonomy":"post_tag","embeddable":true,"href":"https:\/\/www.europesays.com\/lv\/wp-json\/wp\/v2\/tags?post=13525"}],"curies":[{"name":"wp","href":"https:\/\/api.w.org\/{rel}","templated":true}]}}