{"id":13549,"date":"2025-10-06T04:41:08","date_gmt":"2025-10-06T04:41:08","guid":{"rendered":"https:\/\/www.europesays.com\/lv\/13549\/"},"modified":"2025-10-06T04:41:08","modified_gmt":"2025-10-06T04:41:08","slug":"ar-drebju-un-suveniru-tirgotajiem-centraltirgus-saknu-paviljona-ligumus-nelauzis-2","status":"publish","type":"post","link":"https:\/\/www.europesays.com\/lv\/13549\/","title":{"rendered":"Ar dr\u0113bju un suven\u012bru tirgot\u0101jiem Centr\u0101ltirgus Sak\u0146u paviljon\u0101 l\u012bgumus nelauz\u012bs"},"content":{"rendered":"<p>Edvards Ratnieks, R\u012bgas vicem\u0113rs (Nacion\u0101l\u0101 Apvien\u012bba): Komunik\u0101cijas k\u013c\u016bda bija zi\u0146ot, ka b\u016bs sak\u0146u paviljons, kad nebija sak\u0146u paviljona ideja.<\/p>\n<p>Nek\u0101 Person\u012bga: Bet vi\u0146i zi\u0146oja, ka sak\u0146u paviljon\u0101 b\u016bs r\u016bpniec\u012bbas preces.<\/p>\n<p>ER: Klau, nevar visu redz\u0113t, nevar visu dzird\u0113t, nevar par visu b\u016bt p\u0101rliecin\u0101ts. Tas, kam tas ir j\u0101dara, ir &#8220;R\u012bgas nami&#8221;.<\/p>\n<p>Ratnieka partijas biedrs, \u012apa\u0161uma komitejas priek\u0161s\u0113d\u0113t\u0101js Dainis Locis esot zin\u0101jis par pl\u0101nu vienu paviljonu izmantot k\u0101 pagaidu tirdzniec\u012bbas vietu cit\u0101m prec\u0113m, kam\u0113r p\u0101r\u0113jos labo. Vin\u0161 gan neesot zin\u0101jis, ka t\u0101s b\u016bs tie\u0161i r\u016bpniec\u012bbas preces.<\/p>\n<p>Tagad tirgus vad\u012bba saka, ka oktobr\u012b paviljon\u0101 tom\u0113r var\u0113s nopirkt ar\u012b aug\u013cus un d\u0101rze\u0146us. Piektdienas r\u012bt\u0101, kad tur viesoj\u0101s &#8220;Nek\u0101 person\u012bga&#8221;, nekas t\u0101ds v\u0113l nebija redzams<\/p>\n<p>Dr\u0113bju un suven\u012bru p\u0101rdev\u0113ji uztraucas, ka R\u012bgas nami gras\u0101s lauzt l\u012bgumus.<\/p>\n<p>Tirg\u016b darbs notiek piecos paviljonos. Noma ir d\u0101rga. Par 20 kvadr\u0101tmetru lielu kiosku jaunaj\u0101 sak\u0146u paviljon\u0101 var n\u0101kties maks\u0101t no 740 l\u012bdz pat 2000 eiro m\u0113nes\u012b, papildus j\u0101sedz ar\u012b komun\u0101lie r\u0113\u0137ini. Pirms pievieno\u0161anas &#8220;R\u012bgas namiem&#8221; tirgus str\u0101d\u0101ja stabili un tam nevajadz\u0113ja dot\u0101cijas. 2021. gadu tas nosl\u0113dza ar 6,4 miljonu lielu apgroz\u012bjumu un 140 t\u016bksto\u0161u pe\u013c\u0146u.<\/p>\n<p>&#8220;R\u012bgas namu&#8221; public\u0113tie p\u0101rskati r\u0101da, ka pe\u013c\u0146a no paviljonu nomas aug. Ta\u010du joproj\u0101m neatrisin\u0101ts ir jaut\u0101jums par autost\u0101vvietu vai lauku labumu pieejam\u012bbu. Edvards Ratnieks ir p\u0101rliecin\u0101ts, ka uz\u0146\u0113mums tiek gal\u0101 ar Centr\u0101ltirgus p\u0101rvald\u012b\u0161anu.<\/p>\n","protected":false},"excerpt":{"rendered":"Edvards Ratnieks, R\u012bgas vicem\u0113rs (Nacion\u0101l\u0101 Apvien\u012bba): Komunik\u0101cijas k\u013c\u016bda bija zi\u0146ot, ka b\u016bs sak\u0146u paviljons, kad nebija sak\u0146u paviljona&hellip;\n","protected":false},"author":2,"featured_media":10725,"comment_status":"","ping_status":"","sticky":false,"template":"","format":"standard","meta":{"footnotes":""},"categories":[12],"tags":[23,28,29,1912,32,33,22,4027,30,31,35,39,38,36,37,34,40,20,26,27,3541,24,25,21],"class_list":{"0":"post-13549","1":"post","2":"type-post","3":"status-publish","4":"format-standard","5":"has-post-thumbnail","7":"category-latvija","8":"tag-aktualitates","9":"tag-breaking-news","10":"tag-breakingnews","11":"tag-edvards-ratnieks","12":"tag-featured-news","13":"tag-featurednews","14":"tag-headlines","15":"tag-knab","16":"tag-latest-news","17":"tag-latestnews","18":"tag-latvia","19":"tag-latvian","20":"tag-latviesu","21":"tag-latviesu-valoda","22":"tag-latviesuvaloda","23":"tag-latvija","24":"tag-lv","25":"tag-news","26":"tag-popularakas-zinas","27":"tag-popularakaszinas","28":"tag-rigas-centraltirgus","29":"tag-top-stories","30":"tag-topstories","31":"tag-zinas"},"share_on_mastodon":{"url":"","error":""},"_links":{"self":[{"href":"https:\/\/www.europesays.com\/lv\/wp-json\/wp\/v2\/posts\/13549","targetHints":{"allow":["GET"]}}],"collection":[{"href":"https:\/\/www.europesays.com\/lv\/wp-json\/wp\/v2\/posts"}],"about":[{"href":"https:\/\/www.europesays.com\/lv\/wp-json\/wp\/v2\/types\/post"}],"author":[{"embeddable":true,"href":"https:\/\/www.europesays.com\/lv\/wp-json\/wp\/v2\/users\/2"}],"replies":[{"embeddable":true,"href":"https:\/\/www.europesays.com\/lv\/wp-json\/wp\/v2\/comments?post=13549"}],"version-history":[{"count":0,"href":"https:\/\/www.europesays.com\/lv\/wp-json\/wp\/v2\/posts\/13549\/revisions"}],"wp:featuredmedia":[{"embeddable":true,"href":"https:\/\/www.europesays.com\/lv\/wp-json\/wp\/v2\/media\/10725"}],"wp:attachment":[{"href":"https:\/\/www.europesays.com\/lv\/wp-json\/wp\/v2\/media?parent=13549"}],"wp:term":[{"taxonomy":"category","embeddable":true,"href":"https:\/\/www.europesays.com\/lv\/wp-json\/wp\/v2\/categories?post=13549"},{"taxonomy":"post_tag","embeddable":true,"href":"https:\/\/www.europesays.com\/lv\/wp-json\/wp\/v2\/tags?post=13549"}],"curies":[{"name":"wp","href":"https:\/\/api.w.org\/{rel}","templated":true}]}}