{"id":13563,"date":"2025-10-06T05:19:12","date_gmt":"2025-10-06T05:19:12","guid":{"rendered":"https:\/\/www.europesays.com\/lv\/13563\/"},"modified":"2025-10-06T05:19:12","modified_gmt":"2025-10-06T05:19:12","slug":"andzelina-dzolija-kritize-asv-un-apsver-valsts-pamesanu-brivibas-bazu-del-lente-lv","status":"publish","type":"post","link":"https:\/\/www.europesays.com\/lv\/13563\/","title":{"rendered":"And\u017eel\u012bna D\u017eolija kritiz\u0113 ASV un apsver valsts pame\u0161anu br\u012bv\u012bbas ba\u017eu d\u0113\u013c\u00a0\u2014\u00a0Lente.lv"},"content":{"rendered":"<p>Holivudas zvaigzne And\u017eel\u012bna D\u017eolija pau\u017e nopietnas ba\u017eas par br\u012bv\u012bbas ierobe\u017eo\u0161anu ASV<\/p>\n<p>Holivudas A-listera And\u017eel\u012bna D\u017eolija ir paudusi dzi\u013cas ba\u017eas par br\u012bv\u012bbas izpausmes apdraud\u0113jumiem Amerikas Savienotaj\u0101s Valst\u012bs. Aktrise publiski izteikusies, ka vairs neatpaz\u012bst savu dzimteni, nor\u0101dot uz pieaugo\u0161o polariz\u0101ciju un sar\u016bko\u0161o telpu br\u012bvai izpausmei. \u0160\u0101di izteikumi izskan\u0113ju\u0161i, kl\u0101tesot Sansebastjanas kinofestiv\u0101l\u0101 Sp\u0101nij\u0101, kur D\u017eolija prezent\u0113jusi savu jaun\u0101ko filmu \u201cCouture\u201d. Vi\u0146as koment\u0101ri seko p\u0113c vair\u0101kiem incidentiem, kas izrais\u012bju\u0161i pla\u0161as diskusijas par v\u0101rda br\u012bv\u012bbu, tostarp popul\u0101r\u0101 raid\u012bjuma vad\u012bt\u0101ja D\u017eimija Kimmel pa\u0161aizliedz\u012bbu, kas rad\u0101s p\u0113c vi\u0146a izteikumiem par politisk\u0101 influencera \u010c\u0101rlija Kirka n\u0101vi.<\/p>\n<p>Kritika par v\u0101rda br\u012bv\u012bbas ierobe\u017eo\u0161anu<\/p>\n<p>Uz jaut\u0101jumu par sav\u0101m bail\u0113m k\u0101 m\u0101ksliniecei un amerik\u0101nietei, D\u017eolija atbild\u0113jusi, ka, lai gan m\u012bl savu valsti, \u0161obr\u012bd t\u0101 vi\u0146ai \u0161\u0137iet nepaz\u012bstama. \u201cEsmu vienm\u0113r dz\u012bvojusi starptautiski, mana \u0123imene ir starptautiska, mani draugi, mana dz\u012bve\u2026 Mana pasaule ir vien\u0101da, vienota un starptautiska,\u201d skaidrojusi aktrise. Vi\u0146a uzsv\u0113rusi, ka jebkas, kas jebkur\u0101 viet\u0101 pasaul\u0113 rada \u0161\u0137el\u0161anos vai ierobe\u017eo person\u012bgo izpausmi un br\u012bv\u012bbas, ir \u013coti b\u012bstams. D\u017eolija ir nor\u0101d\u012bjusi, ka dz\u012bvojam \u201c\u013coti, \u013coti smagos laikos\u201d, un aicin\u0101jusi b\u016bt uzman\u012bgiem un neizteikties neapdom\u012bgi, jo \u0161ie ir nopietni apst\u0101k\u013ci, kas prasa r\u016bp\u012bbu v\u0101rdos un darbos.<\/p>\n<p>Pl\u0101ni p\u0101rcelties uz dz\u012bvi \u0101rzem\u0113s<\/p>\n<p>Aktrise, kura ir paz\u012bstama ne tikai ar sav\u0101m aktierm\u0101kslas sp\u0113j\u0101m, bet ar\u012b ar akt\u012bvu humanit\u0101ro darb\u012bbu, pau\u017e gatav\u012bbu pamest Ameriku. Ir zi\u0146as, ka D\u017eolija pl\u0101no p\u0101rdot savu v\u0113sturisko \u012bpa\u0161umu Losand\u017eelos\u0101, lai p\u0101rceltos uz dz\u012bvi \u0101rpus ASV. \u0160ie pl\u0101ni k\u013c\u016bs piln\u012bb\u0101 \u012bstenojami, kad vi\u0146as jaun\u0101kie b\u0113rni, dv\u012b\u0146i Vivjena un Nokss, n\u0101kamgad sasniegs pilngad\u012bbu. Vi\u0146a ir paudusi v\u0113lmi atrast vietu, kas pied\u0101v\u0101tu mieru, priv\u0101tumu un dro\u0161\u012bbu savai lielajai \u0123imenei. Lai gan iepriek\u0161 tika uzskat\u012bts, ka vi\u0146as v\u0113lme pamest ASV saist\u012bta ar sare\u017e\u0123\u012bto \u0161\u0137ir\u0161an\u0101s procesu ar Breds Pitu, D\u017eolijas tuv\u0101kie cilv\u0113ki apgalvo, ka pa\u0161laik vi\u0146as l\u0113mumu galvenok\u0101rt ietekm\u0113 neapmierin\u0101t\u012bba ar sabiedr\u012bbas polariz\u0101ciju un arvien pieaugo\u0161o satraukumu par ties\u012bbu un br\u012bv\u012bbu apdraud\u0113jumu. Vi\u0146a uzskata, ka Amerika virz\u0101s nepareiz\u0101 virzien\u0101, un v\u0113las, lai vi\u0146as b\u0113rni neaug viet\u0101, kur br\u012bv\u012bbas j\u016btas apdraud\u0113tas.<\/p>\n","protected":false},"excerpt":{"rendered":"Holivudas zvaigzne And\u017eel\u012bna D\u017eolija pau\u017e nopietnas ba\u017eas par br\u012bv\u012bbas ierobe\u017eo\u0161anu ASV Holivudas A-listera And\u017eel\u012bna D\u017eolija ir paudusi dzi\u013cas&hellip;\n","protected":false},"author":2,"featured_media":13564,"comment_status":"","ping_status":"","sticky":false,"template":"","format":"standard","meta":{"footnotes":""},"categories":[19],"tags":[4877,1683,4875,4876,89,90,35,39,38,36,37,34,40,597],"class_list":{"0":"post-13563","1":"post","2":"type-post","3":"status-publish","4":"format-standard","5":"has-post-thumbnail","7":"category-izklaide","8":"tag-amerikanu-kino","9":"tag-andzelina-dzolija","10":"tag-asv-kritika","11":"tag-emigracija","12":"tag-entertainment","13":"tag-izklaide","14":"tag-latvia","15":"tag-latvian","16":"tag-latviesu","17":"tag-latviesu-valoda","18":"tag-latviesuvaloda","19":"tag-latvija","20":"tag-lv","21":"tag-varda-briviba"},"share_on_mastodon":{"url":"","error":""},"_links":{"self":[{"href":"https:\/\/www.europesays.com\/lv\/wp-json\/wp\/v2\/posts\/13563","targetHints":{"allow":["GET"]}}],"collection":[{"href":"https:\/\/www.europesays.com\/lv\/wp-json\/wp\/v2\/posts"}],"about":[{"href":"https:\/\/www.europesays.com\/lv\/wp-json\/wp\/v2\/types\/post"}],"author":[{"embeddable":true,"href":"https:\/\/www.europesays.com\/lv\/wp-json\/wp\/v2\/users\/2"}],"replies":[{"embeddable":true,"href":"https:\/\/www.europesays.com\/lv\/wp-json\/wp\/v2\/comments?post=13563"}],"version-history":[{"count":0,"href":"https:\/\/www.europesays.com\/lv\/wp-json\/wp\/v2\/posts\/13563\/revisions"}],"wp:featuredmedia":[{"embeddable":true,"href":"https:\/\/www.europesays.com\/lv\/wp-json\/wp\/v2\/media\/13564"}],"wp:attachment":[{"href":"https:\/\/www.europesays.com\/lv\/wp-json\/wp\/v2\/media?parent=13563"}],"wp:term":[{"taxonomy":"category","embeddable":true,"href":"https:\/\/www.europesays.com\/lv\/wp-json\/wp\/v2\/categories?post=13563"},{"taxonomy":"post_tag","embeddable":true,"href":"https:\/\/www.europesays.com\/lv\/wp-json\/wp\/v2\/tags?post=13563"}],"curies":[{"name":"wp","href":"https:\/\/api.w.org\/{rel}","templated":true}]}}