{"id":13567,"date":"2025-10-06T05:23:10","date_gmt":"2025-10-06T05:23:10","guid":{"rendered":"https:\/\/www.europesays.com\/lv\/13567\/"},"modified":"2025-10-06T05:23:10","modified_gmt":"2025-10-06T05:23:10","slug":"video-%e2%9f%a9-okupetaja-krima-nograndusi-vairaki-spradzieni","status":"publish","type":"post","link":"https:\/\/www.europesays.com\/lv\/13567\/","title":{"rendered":"VIDEO \u27e9 Okup\u0113taj\u0101 Krim\u0101 nograndu\u0161i vair\u0101ki spr\u0101dzieni"},"content":{"rendered":"<p>S\u0101kotn\u0113ji tika zi\u0146ots par lidrobotu uzlidojumu Saki lidlaukam, bet v\u0113l\u0101k soci\u0101l\u0101s sazi\u0146as vietn\u0113s par\u0101d\u012bj\u0101s zi\u0146as par daudziem spr\u0101dzieniem Simferopoles rajon\u0101 un par gaisa trauksmi, kas izsludin\u0101ta Sevastopol\u0113 eso\u0161aj\u0101s Krievijas karasp\u0113ka da\u013c\u0101s.<\/p>\n<p>V\u0113l v\u0113l\u0101k par\u0101d\u012bj\u0101s zi\u0146as par spr\u0101dzieniem Eipatorij\u0101 un Feodosij\u0101.<\/p>\n<p>Ap plkst.2 &#8220;Telegram&#8221; kan\u0101li s\u0101ka zi\u0146ot par tr\u0101p\u012bjumu naftas b\u0101z\u0113 Feodosij\u0101, bet p\u0113c tam t\u012bmekl\u012b tika izplat\u012btas fotogr\u0101fijas, kur\u0101s redzams ugunsgr\u0113ks kas izc\u0113lies naftas termin\u0101l\u012b Feodosij\u0101.<\/p>\n<blockquote class=\"twitter-tweet\">\n<p lang=\"en\" dir=\"ltr\">Moments ago, Ukrainian attack drones successfully struck the Feodosia fuel terminal in Russian-occupied Crimea, setting the massive storage facility ablaze.<\/p>\n<p>The fuel dump is one of the largest in Crimea. <a target=\"_blank\" rel=\"noopener noreferrer nofollow\" href=\"https:\/\/t.co\/ooFBxSDyse\">pic.twitter.com\/ooFBxSDyse<\/a><\/p>\n<p>\u2014 OSINTtechnical (@Osinttechnical) <a target=\"_blank\" rel=\"noopener noreferrer nofollow\" href=\"https:\/\/twitter.com\/Osinttechnical\/status\/1974973659241660590?ref_src=twsrc%5Etfw\">October 5, 2025<\/a><\/p>\n<\/blockquote>\n<blockquote class=\"twitter-tweet\">\n<p lang=\"en\" dir=\"ltr\">BREAKING:<\/p>\n<p>Intense Ukrainian missile and drone strikes against Russian targets tonight, with Crimea being particularly hard hit.<\/p>\n<p>This video shows the moment the Ukrainians hit an oil deport in Feodosiya, Crimea <a target=\"_blank\" rel=\"noopener noreferrer nofollow\" href=\"https:\/\/t.co\/TTQZnYztae\">pic.twitter.com\/TTQZnYztae<\/a><\/p>\n<p>\u2014 Visegr\u00e1d 24 (@visegrad24) <a target=\"_blank\" rel=\"noopener noreferrer nofollow\" href=\"https:\/\/twitter.com\/visegrad24\/status\/1974977177298104445?ref_src=twsrc%5Etfw\">October 5, 2025<\/a><\/p>\n<\/blockquote>\n<p><script async src=\"https:\/\/platform.twitter.com\/widgets.js\" charset=\"utf-8\"><\/script><\/p>\n","protected":false},"excerpt":{"rendered":"S\u0101kotn\u0113ji tika zi\u0146ots par lidrobotu uzlidojumu Saki lidlaukam, bet v\u0113l\u0101k soci\u0101l\u0101s sazi\u0146as vietn\u0113s par\u0101d\u012bj\u0101s zi\u0146as par daudziem spr\u0101dzieniem&hellip;\n","protected":false},"author":2,"featured_media":13568,"comment_status":"","ping_status":"","sticky":false,"template":"","format":"standard","meta":{"footnotes":""},"categories":[12],"tags":[23,28,29,32,33,22,234,74,903,30,31,35,39,38,36,37,34,40,20,26,27,24,25,21],"class_list":{"0":"post-13567","1":"post","2":"type-post","3":"status-publish","4":"format-standard","5":"has-post-thumbnail","7":"category-latvija","8":"tag-aktualitates","9":"tag-breaking-news","10":"tag-breakingnews","11":"tag-featured-news","12":"tag-featurednews","13":"tag-headlines","14":"tag-krievija","15":"tag-krievijas-iebrukums-ukraina","16":"tag-krima","17":"tag-latest-news","18":"tag-latestnews","19":"tag-latvia","20":"tag-latvian","21":"tag-latviesu","22":"tag-latviesu-valoda","23":"tag-latviesuvaloda","24":"tag-latvija","25":"tag-lv","26":"tag-news","27":"tag-popularakas-zinas","28":"tag-popularakaszinas","29":"tag-top-stories","30":"tag-topstories","31":"tag-zinas"},"share_on_mastodon":{"url":"","error":""},"_links":{"self":[{"href":"https:\/\/www.europesays.com\/lv\/wp-json\/wp\/v2\/posts\/13567","targetHints":{"allow":["GET"]}}],"collection":[{"href":"https:\/\/www.europesays.com\/lv\/wp-json\/wp\/v2\/posts"}],"about":[{"href":"https:\/\/www.europesays.com\/lv\/wp-json\/wp\/v2\/types\/post"}],"author":[{"embeddable":true,"href":"https:\/\/www.europesays.com\/lv\/wp-json\/wp\/v2\/users\/2"}],"replies":[{"embeddable":true,"href":"https:\/\/www.europesays.com\/lv\/wp-json\/wp\/v2\/comments?post=13567"}],"version-history":[{"count":0,"href":"https:\/\/www.europesays.com\/lv\/wp-json\/wp\/v2\/posts\/13567\/revisions"}],"wp:featuredmedia":[{"embeddable":true,"href":"https:\/\/www.europesays.com\/lv\/wp-json\/wp\/v2\/media\/13568"}],"wp:attachment":[{"href":"https:\/\/www.europesays.com\/lv\/wp-json\/wp\/v2\/media?parent=13567"}],"wp:term":[{"taxonomy":"category","embeddable":true,"href":"https:\/\/www.europesays.com\/lv\/wp-json\/wp\/v2\/categories?post=13567"},{"taxonomy":"post_tag","embeddable":true,"href":"https:\/\/www.europesays.com\/lv\/wp-json\/wp\/v2\/tags?post=13567"}],"curies":[{"name":"wp","href":"https:\/\/api.w.org\/{rel}","templated":true}]}}