{"id":13579,"date":"2025-10-06T05:41:19","date_gmt":"2025-10-06T05:41:19","guid":{"rendered":"https:\/\/www.europesays.com\/lv\/13579\/"},"modified":"2025-10-06T05:41:19","modified_gmt":"2025-10-06T05:41:19","slug":"ar-drebju-un-suveniru-tirgotajiem-centraltirgus-saknu-paviljona-ligumus-nelauzis-3","status":"publish","type":"post","link":"https:\/\/www.europesays.com\/lv\/13579\/","title":{"rendered":"Ar dr\u0113bju un suven\u012bru tirgot\u0101jiem centr\u0101ltirgus sak\u0146u paviljon\u0101 l\u012bgumus nelauz\u012bs"},"content":{"rendered":"<p>R\u012bgas namu public\u0113tie p\u0101rskati r\u0101da, ka pe\u013c\u0146a no paviljonu nomas aug. Ta\u010du joproj\u0101m neatrisin\u0101ts ir jaut\u0101jums par autost\u0101vvietu vai lauku labumu pieejam\u012bbu. Ratnieks ir p\u0101rliecin\u0101ts, ka uz\u0146\u0113mums tiek gal\u0101 ar centr\u0101ltirgus p\u0101rvald\u012b\u0161anu.<\/p>\n<p>Ta\u010du \u0161oned\u0113\u013c vienlaikus ar R\u012bgas domes \u0101rk\u0101rtas s\u0113di, tirg\u016b ros\u012bj\u0101s Korupcijas nov\u0113r\u0161anas un apkaro\u0161anas birojs. S\u0101kta izmekl\u0113\u0161anu par iesp\u0113jamu kuku\u013ca \u0146em\u0161anu un pied\u0101v\u0101\u0161anu, lai ieg\u016btu lab\u0101kas tirdzniec\u012bbas vietas. Aizdomas kr\u012bt uz diviem Centr\u0101ltirgus darbiniekiem &#8211; p\u0101rvald\u012bbas noda\u013cas vad\u012bt\u0101ju Vladmiru Kazarinovu un paviljona administratoru Aldi Liepi\u0146u &#8211; un trim uz\u0146\u0113m\u0113jiem.<\/p>\n<p>Agita Anton\u0101ne, KNAB P\u0101rst\u0101ve<\/p>\n<p>No \u0161\u012bm piec\u0101m person\u0101m, \u010detr\u0101m ir piem\u0113roti ar br\u012bv\u012bbas at\u0146em\u0161anu nesaist\u012bti dro\u0161\u012bbas l\u012bdzek\u013ci, proti, noteiktas nodarbo\u0161an\u0101s aizliegums, aizliegums izbraukt no valsts un aizliegums tikties ar noteikt\u0101m person\u0101m.<\/p>\n<p>Abus ar lietu saist\u012btos darbiniekus R\u012bgas nami no amata atst\u0101din\u0101ju\u0161i. Kazarinova telefons \u0161oned\u0113\u013c bija izsl\u0113gts.<\/p>\n<p>Atst\u0101din\u0101ta ar\u012b R\u012bgas namu Nekustamo \u012bpa\u0161umu iznom\u0101\u0161anas un p\u0101rvald\u012bbas departamenta vad\u012bt\u0101ja Agra V\u0101rna. V\u0101rna bija tirgus valdes priek\u0161s\u0113d\u0113t\u0101ja pirms uz\u0146\u0113mumu apvieno\u0161anas.<\/p>\n<p>Agra V\u0101rna, &#8220;R\u012bgas nami&#8221; Nekustamo \u012bpa\u0161umu iznom\u0101\u0161anas un p\u0101rvald\u012bbas departamenta vad\u012bt\u0101ja<\/p>\n<p>Visus jaut\u0101jumus esmu gatava atbild\u0113t jums atbild\u0113t rakstiski. S\u016btiet man uz epastu, un es jums atbild\u0113\u0161u.<\/p>\n<p>V\u0101rna mums atraksta, ka nebija sa\u0146\u0113musi sign\u0101lus par iesp\u0113jamu korupciju centr\u0101ltirg\u016b un savu atst\u0101din\u0101\u0161anu no amata sauc par nepamatotu.<\/p>\n<p>Oj\u0101rs Valkers, &#8220;R\u012bgas Nami&#8221; valdes priek\u0161s\u0113d\u0113t\u0101js<\/p>\n<p>M\u0113s nezaud\u0113j\u0101m uztic\u012bbu V\u0101rnas kundzei. \u0160obr\u012bd uz izmekl\u0113\u0161anas laiku, lai nerad\u012btu kaut k\u0101dus riskus, ietekmi, \u0146emot v\u0113r\u0101, ka \u0161\u012bs funkcijas ir V\u0101rnas kundzes atbild\u012bb\u0101, tad vi\u0146a ir atst\u0101din\u0101ta uz iek\u0161\u0113j\u0101s izmekl\u0113\u0161anas laiku. Tiksim skaidr\u012bb\u0101, viss b\u016bs k\u0101rt\u012bb\u0101, \u013coti iesp\u0113jams atjaunosim.<\/p>\n<p>KNAB pagaid\u0101m neatkl\u0101j, no k\u0101 sa\u0146\u0113mis sign\u0101lus par iesp\u0113jamu korupciju tirg\u016b un izmekl\u0113t\u0101jiem nav progno\u017eu, cik ilgi p\u0101rbaude var\u0113tu turpin\u0101ties. Ta\u010du \u0161is nav pirmais korupcijas skand\u0101ls, kas saist\u012bts ar tirgo\u0161anos par tirdzniec\u012bbas viet\u0101m.<\/p>\n","protected":false},"excerpt":{"rendered":"R\u012bgas namu public\u0113tie p\u0101rskati r\u0101da, ka pe\u013c\u0146a no paviljonu nomas aug. Ta\u010du joproj\u0101m neatrisin\u0101ts ir jaut\u0101jums par autost\u0101vvietu&hellip;\n","protected":false},"author":2,"featured_media":13336,"comment_status":"","ping_status":"","sticky":false,"template":"","format":"standard","meta":{"footnotes":""},"categories":[12],"tags":[668,23,28,29,3540,32,33,22,30,31,35,39,38,36,37,34,40,20,26,27,3541,24,25,21],"class_list":{"0":"post-13579","1":"post","2":"type-post","3":"status-publish","4":"format-standard","5":"has-post-thumbnail","7":"category-latvija","8":"tag-neka-personiga","9":"tag-aktualitates","10":"tag-breaking-news","11":"tag-breakingnews","12":"tag-centraltirgus","13":"tag-featured-news","14":"tag-featurednews","15":"tag-headlines","16":"tag-latest-news","17":"tag-latestnews","18":"tag-latvia","19":"tag-latvian","20":"tag-latviesu","21":"tag-latviesu-valoda","22":"tag-latviesuvaloda","23":"tag-latvija","24":"tag-lv","25":"tag-news","26":"tag-popularakas-zinas","27":"tag-popularakaszinas","28":"tag-rigas-centraltirgus","29":"tag-top-stories","30":"tag-topstories","31":"tag-zinas"},"share_on_mastodon":{"url":"","error":""},"_links":{"self":[{"href":"https:\/\/www.europesays.com\/lv\/wp-json\/wp\/v2\/posts\/13579","targetHints":{"allow":["GET"]}}],"collection":[{"href":"https:\/\/www.europesays.com\/lv\/wp-json\/wp\/v2\/posts"}],"about":[{"href":"https:\/\/www.europesays.com\/lv\/wp-json\/wp\/v2\/types\/post"}],"author":[{"embeddable":true,"href":"https:\/\/www.europesays.com\/lv\/wp-json\/wp\/v2\/users\/2"}],"replies":[{"embeddable":true,"href":"https:\/\/www.europesays.com\/lv\/wp-json\/wp\/v2\/comments?post=13579"}],"version-history":[{"count":0,"href":"https:\/\/www.europesays.com\/lv\/wp-json\/wp\/v2\/posts\/13579\/revisions"}],"wp:featuredmedia":[{"embeddable":true,"href":"https:\/\/www.europesays.com\/lv\/wp-json\/wp\/v2\/media\/13336"}],"wp:attachment":[{"href":"https:\/\/www.europesays.com\/lv\/wp-json\/wp\/v2\/media?parent=13579"}],"wp:term":[{"taxonomy":"category","embeddable":true,"href":"https:\/\/www.europesays.com\/lv\/wp-json\/wp\/v2\/categories?post=13579"},{"taxonomy":"post_tag","embeddable":true,"href":"https:\/\/www.europesays.com\/lv\/wp-json\/wp\/v2\/tags?post=13579"}],"curies":[{"name":"wp","href":"https:\/\/api.w.org\/{rel}","templated":true}]}}