{"id":13606,"date":"2025-10-06T06:19:11","date_gmt":"2025-10-06T06:19:11","guid":{"rendered":"https:\/\/www.europesays.com\/lv\/13606\/"},"modified":"2025-10-06T06:19:11","modified_gmt":"2025-10-06T06:19:11","slug":"pavilosta-atklas-aijas-zarinas-pieminas-izstadi-maigais-svarsts-lente-lv","status":"publish","type":"post","link":"https:\/\/www.europesays.com\/lv\/13606\/","title":{"rendered":"P\u0101vilost\u0101 atkl\u0101s Aijas Zari\u0146as piemi\u0146as izst\u0101di &#8220;Maigais sv\u0101rsts&#8221;\u00a0\u2014\u00a0Lente.lv"},"content":{"rendered":"<p>Aijas Zari\u0146as piemi\u0146as izst\u0101de &#8220;Maigais sv\u0101rsts&#8221; P\u0101vilost\u0101<\/p>\n<p>P\u0101vilost\u0101, PAiR galerij\u0101, no 8. novembra b\u016bs skat\u0101ma Aijas Zari\u0146as piemi\u0146as izst\u0101de &#8220;Maigais sv\u0101rsts. Aija. 1954\u20132025&#8221;. \u0160is notikums, ko r\u012bko VV Foundation, k\u013cuvis par emocion\u0101lu velt\u012bjumu izcilajai latvie\u0161u m\u0101ksliniecei, atz\u012bm\u0113jot vi\u0146as noz\u012bm\u012bgo devumu Latvijas vizu\u0101l\u0101s m\u0101kslas att\u012bst\u012bb\u0101.<\/p>\n<p>M\u0101kslinieces rado\u0161ais mantojums un filozofija<\/p>\n<p>Aija Zari\u0146a (1954\u20132025) bija spo\u017ea person\u012bba Latvijas m\u0101kslas ain\u0101, paz\u012bstama ar savu drosmi, ide\u0101lismu un nep\u0101rprotamo nost\u0101ju pret konformismu. Vi\u0146as dai\u013crade vienm\u0113r bijusi pies\u0101tin\u0101ta ar dzi\u013c\u0101m p\u0101rdom\u0101m par cilv\u0113ka esam\u012bbu, t\u0101s fundament\u0101lajiem konfliktiem un nep\u0101rtraukto gar\u012bgo izv\u0113li. Zari\u0146as m\u0101ksla ir k\u0101 spogulis, kas atspogu\u013co gan iek\u0161\u0113jo pasauli, gan \u0101r\u0113jo realit\u0101ti, bie\u017ei vien izsaucot sp\u0113c\u012bgas emocijas un aicinot uz sevis izzin\u0101\u0161anu. Vi\u0146as darbi ir ne tikai est\u0113tiski baud\u012bjums, bet ar\u012b aicin\u0101jums apst\u0101ties un padom\u0101t par dz\u012bves dzi\u013c\u0101kaj\u0101m j\u0113g\u0101m. M\u0101ksliniece sav\u0101s agr\u012bnaj\u0101s glezn\u0101s p\u0113t\u012bja sievietes identit\u0101ti un neatkar\u012bbu, v\u0113l\u0101k piev\u0113r\u0161oties ar\u012b instal\u0101cij\u0101m, telpiskiem objektiem, scenogr\u0101fijai un landartam. Vi\u0146a sp\u0113ja br\u012bvi izpausties, neatkar\u012bgi no past\u0101vo\u0161aj\u0101m ideolo\u0123ij\u0101m un sabiedr\u012bbas norm\u0101m, vienm\u0113r mekl\u0113jot paties\u012bbu un drosmi savos darbos. K\u0101 pati Aija Zari\u0146a ir teikusi: &#8220;Es gribu b\u016bt drosm\u012bga, patiesa un stipra&#8221;.<\/p>\n<p>Vi\u0146as m\u0101ksliniecisk\u0101 valoda bie\u017ei vien bija provokat\u012bva un neordin\u0101ra, lau\u017eot tradicion\u0101los m\u0101kslas kanonus. S\u0101kot ar 80. gadiem, kad vi\u0146a kop\u0101 ar citiem jaunajiem m\u0101ksliniekiem veidoja Latvijas avangardu, lau\u017eot padomju m\u0101kslas dogmas, l\u012bdz pat v\u0113l\u0101kajiem darbiem, kas piev\u0113rs\u0101s politisk\u0101m un soci\u0101l\u0101m t\u0113m\u0101m, Zari\u0146a vienm\u0113r palikusi uztic\u012bga savam unik\u0101lajam redz\u0113jumam. Vi\u0146a nebaid\u012bj\u0101s izmantot spilgtas kr\u0101sas, drosm\u012bgas formas un negaid\u012btus kompozicion\u0101lus risin\u0101jumus, kas bie\u017ei vien \u0161ok\u0113ja, bet vienlaikus ar\u012b fascin\u0113ja skat\u012bt\u0101jus. Vi\u0146as darbiem rakstur\u012bga sp\u0113c\u012bga emocion\u0101l\u0101 kr\u0101sa, kas atspogu\u013co m\u0101kslinieces dzi\u013co iek\u0161\u0113jo pasauli un vi\u0146as skat\u012bjumu uz dz\u012bvi. Ne velti daudzi vi\u0146as darbus raksturo k\u0101 spiritu\u0101lus, jo tie bie\u017ei vien aicina uz p\u0101rdom\u0101m par cilv\u0113ka vietu Visum\u0101 un vi\u0146a saikni ar dabu.<\/p>\n<p>&#8220;Maigais sv\u0101rsts&#8221; \u2013 p\u0113d\u0113jais rado\u0161ais apliecin\u0101jums<\/p>\n<p>Izst\u0101de &#8220;Maigais sv\u0101rsts&#8221; s\u0101kotn\u0113ji tika iecer\u0113ta k\u0101 rezidences projekta rezult\u0101ts P\u0101vilost\u0101, ta\u010du p\u0113c m\u0101kslinieces aizie\u0161anas m\u016b\u017e\u012bb\u0101 2025. gada 20. j\u016blij\u0101, t\u0101 ieguvusi piemi\u0146as pas\u0101kuma raksturu. \u0160\u012b izst\u0101de pied\u0101v\u0101s unik\u0101lu ieskatu Aijas Zari\u0146as jaun\u0101kajos darbos \u2013 akvare\u013cos, kas tapu\u0161i pavisam nesen pirms vi\u0146as dz\u012bves nosl\u0113guma. \u0160ie darbi, p\u0113c kuratora Kristiana Fuksa teikt\u0101, ir k\u0101 &#8220;lielizm\u0113ra darbu sagataves&#8221;, kur\u0101s joproj\u0101m j\u016btama m\u0101kslinieces dinamisk\u0101 ener\u0123ija un sp\u0113ja rad\u012bt dz\u012bvus, kr\u0101sainus att\u0113lus. Tie atspogu\u013co vi\u0146as dzi\u013co saikni ar dabu, j\u016bru, kokiem un dz\u012bvniekiem, katram individu\u0101lajam garam pie\u0161\u0137irot savu kr\u0101su un kust\u012bbas dinamiku.<\/p>\n<p>Papildus akvare\u013ciem izst\u0101d\u0113 b\u016bs apskat\u0101mi Haralda Vecvagara dokument\u0101lie fotoatt\u0113li, kas iem\u016b\u017ein\u0101ju\u0161i m\u0101kslinieces rado\u0161os procesu, k\u0101 ar\u012b Alek\u0161a Luri\u0146a rad\u012bts ska\u0146u celi\u0146\u0161, kas papildin\u0101s izst\u0101des atmosf\u0113ru. T\u0101 b\u016bs iesp\u0113ja ne tikai apl\u016bkot Aijas Zari\u0146as darbus, bet ar\u012b izjust vi\u0146as kl\u0101tb\u016btni un dv\u0113seles tuvumu. K\u0101 st\u0101sta kurators Kristians Fukss, &#8220;horizonts Zari\u0146as darbos kalpo k\u0101 atskaites punkts. \u0160obr\u012bd Aija tam ir p\u0101rk\u0101pusi p\u0101ri, bet tas joproj\u0101m ir redzams vi\u0146as darbos&#8221;.<\/p>\n<p>Izst\u0101des papildino\u0161\u0101 programma un atskats uz dai\u013cradi<\/p>\n<p>P\u0113c izst\u0101des atkl\u0101\u0161anas notiks saruna, kur\u0101 m\u0101kslas zin\u0101tniece, kuratore un p\u0113tniece Dr. art. Elita Ansone dal\u012bsies ar sav\u0101m atzi\u0146\u0101m par Aijas Zari\u0146as darbu ar telpu kop\u0161 80. gadiem. T\u0101pat sarunai pievienosies re\u017eisore M\u0101ra \u0136imele, kura st\u0101st\u012bs par m\u0101kslinieces rad\u012bto scenogr\u0101fiju noz\u012bm\u012bgiem te\u0101tra iestud\u0113jumiem, piem\u0113ram, &#8220;P\u0101rventas het\u0113ra&#8221;, &#8220;Karalis L\u012brs&#8221;, &#8220;Rutes gr\u0101mata&#8221; un &#8220;Mani m\u012bl \u0160eksp\u012brs&#8221;. Tiem, kuri v\u0113las iepaz\u012bt m\u0101kslinieces domas dzi\u013c\u0101k, b\u016bs iesp\u0113ja noskat\u012bties videointerviju ar Aiju Zari\u0146u no raid\u012bjuma &#8220;Vakara intervija&#8221; (2004), kas b\u016bs pieejama PAiR rezidences bibliot\u0113k\u0101.<\/p>\n<p>Aijas Zari\u0146as dai\u013crade ir pla\u0161a un daudzveid\u012bga, ietverot glezniec\u012bbu, grafiku, objektus, instal\u0101cijas, scenogr\u0101fiju un pat landartu. Vi\u0146a bija paz\u012bstama ar savu nep\u0101rprotamo stilu, kas bie\u017ei vien tika rakteteriz\u0113ts k\u0101 neoekspresionisms vai brut\u0101lisms, tom\u0113r vienm\u0113r saglab\u0101ja savu ori\u0123inalit\u0101ti. Vi\u0146as darbos bie\u017ei sastopamas spilgtas kr\u0101su kombin\u0101cijas, deform\u0113tas fig\u016bras un sp\u0113c\u012bgs emocion\u0101lais v\u0113st\u012bjums. Aija Zari\u0146a vienm\u0113r bijusi ce\u013c\u0101 uz ideju, mekl\u0113jot gar\u012bgu harmoniju un br\u012bv\u012bbu. Vi\u0146as m\u0101ksla ir apliecin\u0101jums ne tikai talantam, bet ar\u012b drosmei un dzi\u013cai iek\u0161\u0113jai pasaulei.<\/p>\n","protected":false},"excerpt":{"rendered":"Aijas Zari\u0146as piemi\u0146as izst\u0101de &#8220;Maigais sv\u0101rsts&#8221; P\u0101vilost\u0101 P\u0101vilost\u0101, PAiR galerij\u0101, no 8. novembra b\u016bs skat\u0101ma Aijas Zari\u0146as piemi\u0146as&hellip;\n","protected":false},"author":2,"featured_media":13607,"comment_status":"","ping_status":"","sticky":false,"template":"","format":"standard","meta":{"footnotes":""},"categories":[19],"tags":[4897,89,90,35,39,38,3501,36,37,34,40,4900,4899,4898],"class_list":{"0":"post-13606","1":"post","2":"type-post","3":"status-publish","4":"format-standard","5":"has-post-thumbnail","7":"category-izklaide","8":"tag-aija-zarina","9":"tag-entertainment","10":"tag-izklaide","11":"tag-latvia","12":"tag-latvian","13":"tag-latviesu","14":"tag-latviesu-maksla","15":"tag-latviesu-valoda","16":"tag-latviesuvaloda","17":"tag-latvija","18":"tag-lv","19":"tag-maigais-svarsts","20":"tag-pavilosta","21":"tag-pieminas-izstade"},"share_on_mastodon":{"url":"","error":""},"_links":{"self":[{"href":"https:\/\/www.europesays.com\/lv\/wp-json\/wp\/v2\/posts\/13606","targetHints":{"allow":["GET"]}}],"collection":[{"href":"https:\/\/www.europesays.com\/lv\/wp-json\/wp\/v2\/posts"}],"about":[{"href":"https:\/\/www.europesays.com\/lv\/wp-json\/wp\/v2\/types\/post"}],"author":[{"embeddable":true,"href":"https:\/\/www.europesays.com\/lv\/wp-json\/wp\/v2\/users\/2"}],"replies":[{"embeddable":true,"href":"https:\/\/www.europesays.com\/lv\/wp-json\/wp\/v2\/comments?post=13606"}],"version-history":[{"count":0,"href":"https:\/\/www.europesays.com\/lv\/wp-json\/wp\/v2\/posts\/13606\/revisions"}],"wp:featuredmedia":[{"embeddable":true,"href":"https:\/\/www.europesays.com\/lv\/wp-json\/wp\/v2\/media\/13607"}],"wp:attachment":[{"href":"https:\/\/www.europesays.com\/lv\/wp-json\/wp\/v2\/media?parent=13606"}],"wp:term":[{"taxonomy":"category","embeddable":true,"href":"https:\/\/www.europesays.com\/lv\/wp-json\/wp\/v2\/categories?post=13606"},{"taxonomy":"post_tag","embeddable":true,"href":"https:\/\/www.europesays.com\/lv\/wp-json\/wp\/v2\/tags?post=13606"}],"curies":[{"name":"wp","href":"https:\/\/api.w.org\/{rel}","templated":true}]}}