{"id":136092,"date":"2026-02-20T22:11:05","date_gmt":"2026-02-20T22:11:05","guid":{"rendered":"https:\/\/www.europesays.com\/lv\/136092\/"},"modified":"2026-02-20T22:11:05","modified_gmt":"2026-02-20T22:11:05","slug":"no-privatpersonam-uz-institucijam-kops-2025-gada-lente-lv","status":"publish","type":"post","link":"https:\/\/www.europesays.com\/lv\/136092\/","title":{"rendered":"no priv\u0101tperson\u0101m uz instit\u016bcij\u0101m kop\u0161 2025. gada\u00a0\u2014\u00a0Lente.lv"},"content":{"rendered":"<p>Bitkoina \u012bpa\u0161nieku strukt\u016bras izmai\u0146as<\/p>\n<p>Kop\u0161 2025. gada ir nov\u0113rojamas iev\u0113rojamas izmai\u0146as bitkoina \u012bpa\u0161nieku strukt\u016br\u0101. Liel\u0101kie sp\u0113l\u0113t\u0101ji, tostarp uz\u0146\u0113mumi, fondi un pat vald\u012bbas, palielina savus digit\u0101l\u0101 akt\u012bva kr\u0101jumus. Vienlaikus priv\u0101to investoru \u012bpatsvars samazin\u0101s.<\/p>\n<p>P\u0113c River anal\u012bzes datiem, priv\u0101to bitkoina \u012bpa\u0161nieku da\u013ca 2025. gada beig\u0101s sarukusi no 69,4% l\u012bdz 65,9%. Tas noz\u012bm\u0113, ka aptuveni 13,83 miljoni BTC tagad pieder maz\u0101kam skaitam priv\u0101tpersonu sal\u012bdzin\u0101jum\u0101 ar iepriek\u0161\u0113jo gadu.<\/p>\n<p>Institucion\u0101l\u0101s ieguld\u012bjumu pieaugums<\/p>\n<p>\u0160\u012b tendence nor\u0101da uz pieaugo\u0161o institucion\u0101lo interesi par bitkoinu k\u0101 v\u0113rt\u012bgu akt\u012bvu. Liel\u0101s komp\u0101nijas un finan\u0161u iest\u0101des arvien bie\u017e\u0101k iek\u013cauj bitkoinu savos portfe\u013cos, mekl\u0113jot diversifik\u0101ciju un potenci\u0101lu pe\u013c\u0146u. Ar\u012b vald\u012bbas pamaz\u0101m s\u0101k uzkr\u0101t bitkoina rezerves, kas liecina par kriptoval\u016btas pieaugo\u0161o le\u0123itimit\u0101ti un noz\u012bmi glob\u0101laj\u0101 finan\u0161u sist\u0113m\u0101.<\/p>\n<p>Iemesli un sekas<\/p>\n<p>Lai gan prec\u012bzi iemesli \u0161ai p\u0101rmai\u0146ai nav detaliz\u0113ti aprakst\u012bti, var pie\u0146emt, ka pieaugo\u0161\u0101 juridisk\u0101 un regulat\u012bv\u0101 skaidr\u012bba, k\u0101 ar\u012b bitkoina uztver\u0161ana k\u0101 infl\u0101cijas dro\u0161\u012bbas l\u012bdzeklis ir veicin\u0101ju\u0161i institucion\u0101lo piepl\u016bdumu. Priv\u0101tie investori, iesp\u0113jams, izv\u0113las realiz\u0113t pe\u013c\u0146u vai p\u0101rorient\u0113ties uz citiem ieguld\u012bjumiem, redzot, ka tirg\u016b ien\u0101k liel\u0101ki sp\u0113l\u0113t\u0101ji, kas var\u0113tu ietekm\u0113t cenas dinamiku.<\/p>\n<p>\u0160\u012bs izmai\u0146as bitkoina \u012bpa\u0161nieku vid\u016b var\u0113tu rad\u012bt jaunus izaicin\u0101jumus un iesp\u0113jas gan priv\u0101tajiem, gan institucion\u0101lajiem investoriem.<\/p>\n","protected":false},"excerpt":{"rendered":"Bitkoina \u012bpa\u0161nieku strukt\u016bras izmai\u0146as Kop\u0161 2025. gada ir nov\u0113rojamas iev\u0113rojamas izmai\u0146as bitkoina \u012bpa\u0161nieku strukt\u016br\u0101. Liel\u0101kie sp\u0113l\u0113t\u0101ji, tostarp uz\u0146\u0113mumi,&hellip;\n","protected":false},"author":2,"featured_media":136093,"comment_status":"","ping_status":"","sticky":false,"template":"","format":"standard","meta":{"footnotes":"","_share_on_mastodon":"0"},"categories":[16],"tags":[4234,77,76,2266,5056,790,779,35,39,38,36,37,34,40],"class_list":["post-136092","post","type-post","status-publish","format-standard","has-post-thumbnail","category-bizness","tag-bitcoin","tag-bizness","tag-business","tag-digitalie-aktivi","tag-institucionalie-investori","tag-investicijas","tag-kriptovalutas","tag-latvia","tag-latvian","tag-latviesu","tag-latviesu-valoda","tag-latviesuvaloda","tag-latvija","tag-lv"],"share_on_mastodon":{"url":"https:\/\/pubeurope.com\/@lv\/116105254259736808","error":""},"_links":{"self":[{"href":"https:\/\/www.europesays.com\/lv\/wp-json\/wp\/v2\/posts\/136092","targetHints":{"allow":["GET"]}}],"collection":[{"href":"https:\/\/www.europesays.com\/lv\/wp-json\/wp\/v2\/posts"}],"about":[{"href":"https:\/\/www.europesays.com\/lv\/wp-json\/wp\/v2\/types\/post"}],"author":[{"embeddable":true,"href":"https:\/\/www.europesays.com\/lv\/wp-json\/wp\/v2\/users\/2"}],"replies":[{"embeddable":true,"href":"https:\/\/www.europesays.com\/lv\/wp-json\/wp\/v2\/comments?post=136092"}],"version-history":[{"count":0,"href":"https:\/\/www.europesays.com\/lv\/wp-json\/wp\/v2\/posts\/136092\/revisions"}],"wp:featuredmedia":[{"embeddable":true,"href":"https:\/\/www.europesays.com\/lv\/wp-json\/wp\/v2\/media\/136093"}],"wp:attachment":[{"href":"https:\/\/www.europesays.com\/lv\/wp-json\/wp\/v2\/media?parent=136092"}],"wp:term":[{"taxonomy":"category","embeddable":true,"href":"https:\/\/www.europesays.com\/lv\/wp-json\/wp\/v2\/categories?post=136092"},{"taxonomy":"post_tag","embeddable":true,"href":"https:\/\/www.europesays.com\/lv\/wp-json\/wp\/v2\/tags?post=136092"}],"curies":[{"name":"wp","href":"https:\/\/api.w.org\/{rel}","templated":true}]}}