{"id":136538,"date":"2026-02-21T15:50:18","date_gmt":"2026-02-21T15:50:18","guid":{"rendered":"https:\/\/www.europesays.com\/lv\/136538\/"},"modified":"2026-02-21T15:50:18","modified_gmt":"2026-02-21T15:50:18","slug":"ar-teva-zimetas-kartes-palidzibu-dels-atrod-meza-kara-laika-nosleptus-dargumus","status":"publish","type":"post","link":"https:\/\/www.europesays.com\/lv\/136538\/","title":{"rendered":"Ar t\u0113va z\u012bm\u0113tas kartes pal\u012bdz\u012bbu d\u0113ls atrod me\u017e\u0101 kara laik\u0101 nosl\u0113ptus d\u0101rgumus"},"content":{"rendered":"<p><img decoding=\"async\" class=\"figure__image\" onclick=\"triggerEvent('articleImageClick', { id: 17456863, focus: 'single-image', focusIndex: '17456863' })\" onkeydown=\"if (event.key === 'Enter') {&#10;        triggerEvent('articleImageClick', { id: 17456863, focus: 'single-image', focusIndex: '17456863' })&#10;        }\" role=\"button\" tabindex=\"0\" data-focus-from=\"single-image\" data-focus-index=\"17456863\" src=\"https:\/\/www.europesays.com\/lv\/wp-content\/uploads\/2026\/02\/17456863t1hb32d.webp.webp\"  onload=\"this.parentElement.classList.remove('figure__image-loading')\" alt=\"Jans Glazevskis atrada sudrabu, izmantojot karti, ko 1989. gad\u0101 uzz\u012bm\u0113ja vi\u0146a t\u0113vs Gustavs.\"\/>Jans Glazevskis atrada sudrabu, izmantojot karti, ko 1989. gad\u0101 uzz\u012bm\u0113ja vi\u0146a t\u0113vs Gustavs. Foto: @wecb.fm<\/p>\n<p>Trimd\u0101 z\u012bm\u0113ta karte<\/p>\n<p class=\"MsoNormal\">Jans uzauga Dienvid\u0101frik\u0101. Vi\u0146\u0161 piedzima ar hemofiliju, un 20. gadsimta asto\u0146desmitajos gados p\u0113c infic\u0113tu asi\u0146u p\u0101rlie\u0161anas vi\u0146am tika diagnostic\u0113ts HIV. Visu m\u016b\u017eu vi\u0146\u0161 uzst\u0101ja, lai t\u0113vs apraksta apsl\u0113pto d\u0101rgumu atra\u0161an\u0101s vietu. Visbeidzot, 1989. gad\u0101 Gustavs aps\u0113d\u0101s pie vecas Olivetti rakst\u0101mma\u0161\u012bnas un izdruk\u0101ja lappusi ar instrukcij\u0101m, k\u0101 ar\u012b ar z\u012bmuli uzz\u012bm\u0113ja karti.<\/p>\n<p class=\"MsoNormal\">\u201cMans t\u0113vs jau bija vecs, un es vi\u0146am nep\u0101rtraukti uzdevu jaut\u0101jumus,\u201d atceras Jans. \u201cVi\u0146\u0161 visu z\u012bm\u0113ja p\u0113c atmi\u0146as, pusgadsimtu p\u0113c tam, kad bija pametis dzimteni.\u201d<\/p>\n<p><img decoding=\"async\" class=\"figure__image\" onclick=\"triggerEvent('articleImageClick', { id: 17456935, focus: 'single-image', focusIndex: '17456935' })\" onkeydown=\"if (event.key === 'Enter') {&#10;        triggerEvent('articleImageClick', { id: 17456935, focus: 'single-image', focusIndex: '17456935' })&#10;        }\" role=\"button\" tabindex=\"0\" data-focus-from=\"single-image\" data-focus-index=\"17456935\" src=\"https:\/\/www.europesays.com\/lv\/wp-content\/uploads\/2026\/02\/17456935t1h9c2d.webp.webp\"  onload=\"this.parentElement.classList.remove('figure__image-loading')\" alt=\"Me\u017emal\u0101 izrakt\u0101 rotaslietu l\u0101d\u012bte, krist\u012bbu karote ar grav\u0113jumiem un smagi \u0123imenes sudraba trauki.\"\/>Me\u017emal\u0101 izrakt\u0101 rotaslietu l\u0101d\u012bte, krist\u012bbu karote ar grav\u0113jumiem un smagi \u0123imenes sudraba trauki. Foto: @wecb.fm<\/p>\n<p>D\u0101rgumu mekl\u0113\u0161ana<\/p>\n<p class=\"MsoNormal\">Tikai p\u0113c aizie\u0161anas pensij\u0101 2019. gad\u0101 Jans ar met\u0101la detektora un viet\u0113jo ukrai\u0146u pal\u012bdz\u012bbu atrada prec\u012bzu aprakto mantu atra\u0161an\u0101s vietu. Dzi\u013ci rokoties zem\u0113 me\u017emal\u0101, vi\u0146\u0161 uzg\u0101ja rotaslietu l\u0101d\u012bti, krist\u012bbu karoti ar grav\u0113jumiem un smagus \u0123imenes galda piederumus.<\/p>\n<p class=\"MsoNormal\">Atraduma v\u0113rt\u012bba naudas izteiksm\u0113 ir vair\u0101ki t\u016bksto\u0161i eiro, bet Janam t\u0101 bija p\u0113d\u0113j\u0101 saikne ar m\u0101ti, kuru vi\u0146\u0161 zaud\u0113ja, kad vi\u0146am bija tikai septi\u0146i gadi. Pieskar\u0161an\u0101s priek\u0161metiem, ko vi\u0146a m\u0101te bija iesai\u0146ojusi pirms asto\u0146desmit gadiem, bija \u013coti aizkustino\u0161a. Pabeidzot uzdevumu, ko vi\u0146am bija uztic\u0113jis t\u0113vs, vi\u0146\u0161, p\u0113c pa\u0161a v\u0101rdiem, nu var\u0113ja \u201cstaig\u0101t ar paceltu galvu\u201d.<\/p>\n<p><img decoding=\"async\" class=\"figure__image\" onclick=\"triggerEvent('articleImageClick', { id: 17456968, focus: 'single-image', focusIndex: '17456968' })\" onkeydown=\"if (event.key === 'Enter') {&#10;        triggerEvent('articleImageClick', { id: 17456968, focus: 'single-image', focusIndex: '17456968' })&#10;        }\" role=\"button\" tabindex=\"0\" data-focus-from=\"single-image\" data-focus-index=\"17456968\" src=\"https:\/\/www.europesays.com\/lv\/wp-content\/uploads\/2026\/02\/17456968t1hbaaa.jpg\"  onload=\"this.parentElement.classList.remove('figure__image-loading')\" alt=\"Jana Gla\u017eevska atkl\u0101jums izc\u0113la dienas gaism\u0101 gan rotaslietas, gan aizmirsto \u0123imenes v\u0113sturi.\"\/>Jana Gla\u017eevska atkl\u0101jums izc\u0113la dienas gaism\u0101 gan rotaslietas, gan aizmirsto \u0123imenes v\u0113sturi. Foto: Pen News<\/p>\n<p>Mantojums, kas ir v\u0113rt\u012bg\u0101ks par sudrabu<\/p>\n<p class=\"MsoNormal\">Lai gan atradums notika jau pirms daudziem gadiem, \u0161im st\u0101stam ir pie\u0161\u0137irta jauna dz\u012bv\u012bba. P\u0113c Jana memu\u0101riem \u201cAsinis un sudrabs\u201d veidota izr\u0101de nesen piedz\u012bvoja pirmizr\u0101di Bakstera te\u0101tr\u012b Keiptaun\u0101. Luga ir ne tikai par d\u0101rgumu mekl\u0113\u0161anu, bet ar\u012b par Jana k\u0101 iev\u0113rojama jurista dz\u012bvi, kuras laik\u0101 vi\u0146\u0161 pal\u012bdz\u0113ja izstr\u0101d\u0101t Dienvid\u0101frikas konstit\u016bcijas sada\u013cu par vides aizsardz\u012bbu.<\/p>\n<p class=\"MsoNormal\">Janam Gla\u017eevskim \u0161\u012bs sudrablietas nekad nesaist\u012bj\u0101s ar bag\u0101t\u012bbu. Tas bija pier\u0101d\u012bjums \u0123imenes past\u0101v\u0113\u0161anai, kuru 20. gadsimts cent\u0101s atst\u0101t v\u0113stures \u0113n\u0101.<\/p>\n<p class=\"MsoNormal\">Avots: <a target=\"_blank\" rel=\"noopener noreferrer nofollow\" href=\"https:\/\/www.futura-sciences.com\/en\/thanks-to-this-map-drawn-by-his-father-he-uncovers-an-80-year-old-family-treasure_23549\/\">futura-sciences.com<\/a><\/p>\n","protected":false},"excerpt":{"rendered":"Jans Glazevskis atrada sudrabu, izmantojot karti, ko 1989. gad\u0101 uzz\u012bm\u0113ja vi\u0146a t\u0113vs Gustavs. Foto: @wecb.fm Trimd\u0101 z\u012bm\u0113ta karte&hellip;\n","protected":false},"author":2,"featured_media":136539,"comment_status":"","ping_status":"","sticky":false,"template":"","format":"standard","meta":{"footnotes":"","_share_on_mastodon":"0"},"categories":[14],"tags":[23,57,28,29,32,33,22,30,31,35,39,38,36,37,34,40,20,72,26,27,24,25,26933,297,276,293,54,55,56,21,58],"class_list":["post-136538","post","type-post","status-publish","format-standard","has-post-thumbnail","category-zinas-no-arvalstim","tag-aktualitates","tag-arvalstim","tag-breaking-news","tag-breakingnews","tag-featured-news","tag-featurednews","tag-headlines","tag-latest-news","tag-latestnews","tag-latvia","tag-latvian","tag-latviesu","tag-latviesu-valoda","tag-latviesuvaloda","tag-latvija","tag-lv","tag-news","tag-polija","tag-popularakas-zinas","tag-popularakaszinas","tag-top-stories","tag-topstories","tag-tvnet-ekstra","tag-tvnet-planeta","tag-ukraina","tag-vesture","tag-world","tag-world-news","tag-worldnews","tag-zinas","tag-zinas-no-arvalstim"],"share_on_mastodon":{"url":"https:\/\/pubeurope.com\/@lv\/116109418354071579","error":""},"_links":{"self":[{"href":"https:\/\/www.europesays.com\/lv\/wp-json\/wp\/v2\/posts\/136538","targetHints":{"allow":["GET"]}}],"collection":[{"href":"https:\/\/www.europesays.com\/lv\/wp-json\/wp\/v2\/posts"}],"about":[{"href":"https:\/\/www.europesays.com\/lv\/wp-json\/wp\/v2\/types\/post"}],"author":[{"embeddable":true,"href":"https:\/\/www.europesays.com\/lv\/wp-json\/wp\/v2\/users\/2"}],"replies":[{"embeddable":true,"href":"https:\/\/www.europesays.com\/lv\/wp-json\/wp\/v2\/comments?post=136538"}],"version-history":[{"count":0,"href":"https:\/\/www.europesays.com\/lv\/wp-json\/wp\/v2\/posts\/136538\/revisions"}],"wp:featuredmedia":[{"embeddable":true,"href":"https:\/\/www.europesays.com\/lv\/wp-json\/wp\/v2\/media\/136539"}],"wp:attachment":[{"href":"https:\/\/www.europesays.com\/lv\/wp-json\/wp\/v2\/media?parent=136538"}],"wp:term":[{"taxonomy":"category","embeddable":true,"href":"https:\/\/www.europesays.com\/lv\/wp-json\/wp\/v2\/categories?post=136538"},{"taxonomy":"post_tag","embeddable":true,"href":"https:\/\/www.europesays.com\/lv\/wp-json\/wp\/v2\/tags?post=136538"}],"curies":[{"name":"wp","href":"https:\/\/api.w.org\/{rel}","templated":true}]}}