{"id":13678,"date":"2025-10-06T07:14:06","date_gmt":"2025-10-06T07:14:06","guid":{"rendered":"https:\/\/www.europesays.com\/lv\/13678\/"},"modified":"2025-10-06T07:14:06","modified_gmt":"2025-10-06T07:14:06","slug":"locmelis-un-ansons-pamet-nhl-klubu-treninnometnes-kada-bus-vinu-nakotne-lente-lv","status":"publish","type":"post","link":"https:\/\/www.europesays.com\/lv\/13678\/","title":{"rendered":"Lo\u010dmelis un Ansons pamet NHL klubu treni\u0146nometnes: K\u0101da b\u016bs vi\u0146u n\u0101kotne?\u00a0\u2014\u00a0Lente.lv"},"content":{"rendered":"<p>Lo\u010dmelis un Ansons pamet NHL klubu treni\u0146nometnes<\/p>\n<p>Latvie\u0161u hokeja talanti Dans Lo\u010dmelis un Raivis Ansons ir p\u0101rtrauku\u0161i dal\u012bbu savu NHL klubu treni\u0146nometn\u0113s, un abi sp\u0113l\u0113t\u0101ji atgriezu\u0161ies savu organiz\u0101ciju f\u0101rmklubos. \u0160\u012b zi\u0146a, lai ar\u012b nav negaid\u012bta, tom\u0113r ir zin\u0101ms pagrieziena punkts abu jauno sportistu karjer\u0101, sniedzoties pret\u012b jauniem izaicin\u0101jumiem un iesp\u0113j\u0101m pier\u0101d\u012bt sevi.<\/p>\n<p>Lo\u010dmelis devies uz Providensas &#8220;Bruins&#8221;<\/p>\n<p>Uzbruc\u0113js Dans Lo\u010dmelis, kur\u0161 ir nosl\u0113dzis tr\u012bsgad\u012bgu l\u012bgumu ar Bostonas &#8220;Bruins&#8221;, turpm\u0101ko sezonu aizvad\u012bs Amerikas Hokeja l\u012bg\u0101 (AHL) komand\u0101 Providensas &#8220;Bruins&#8221;. Neskatoties uz NHL l\u012bguma nosl\u0113g\u0161anu, vi\u0146a sp\u0113les laiks un att\u012bst\u012bba tuv\u0101kaj\u0101 n\u0101kotn\u0113 tiks uzraudz\u012bts AHL. Lo\u010dmelis jau ir demonstr\u0113jis savu potenci\u0101lu, un \u0161is solis sniegs vi\u0146am v\u0113rt\u012bgu pieredzi.<\/p>\n<p>Ansons vairs nav Pitsburgas &#8220;Penguins&#8221; treni\u0146nometn\u0113<\/p>\n<p>Savuk\u0101rt uzbruc\u0113js Raivis Ansons vairs nav sastopams Pitsburgas &#8220;Penguins&#8221; treni\u0146nometn\u0113. Lai ar\u012b detaliz\u0113ta inform\u0101cija par vi\u0146a turpm\u0101ko karjeras posmu v\u0113l nav publiskota, ir skaidrs, ka vi\u0146\u0161 ir izg\u0101jis cauri s\u0101kotn\u0113j\u0101m p\u0101rbaud\u0113m un tagad koncentr\u0113sies uz sp\u0113l\u0113\u0161anu zem\u0101k\u0101s l\u012bg\u0101s vai cit\u0101s komand\u0101s, lai pilnveidotu savas prasmes. \u0160is ir bie\u017ei sastopams scen\u0101rijs jauniem sp\u0113l\u0113t\u0101jiem, kuri cen\u0161as ielauzties NHL.<\/p>\n<p>Izaicin\u0101jumi un n\u0101kotnes perspekt\u012bvas<\/p>\n<p>Abu latvie\u0161u hokejistu turpm\u0101k\u0101 karjeras att\u012bst\u012bba b\u016bs r\u016bp\u012bgi j\u0101seko. Lai gan NHL durvis v\u0113l nav piln\u012bb\u0101 aizcirstas, p\u0101reja uz f\u0101rmklubiem ir noz\u012bm\u012bgs solis. Tas \u013cauj sp\u0113l\u0113t\u0101jiem piel\u0101goties profesion\u0101l\u0101 hokeja tempam un sp\u0113les intensit\u0101tei, vienlaikus str\u0101d\u0101jot pie sav\u0101m individu\u0101laj\u0101m sp\u0113j\u0101m. Cerams, ka abi jaunie\u0161i izmantos \u0161o iesp\u0113ju, lai pilnveidotos un vienu dienu debit\u0113tu NHL.<\/p>\n","protected":false},"excerpt":{"rendered":"Lo\u010dmelis un Ansons pamet NHL klubu treni\u0146nometnes Latvie\u0161u hokeja talanti Dans Lo\u010dmelis un Raivis Ansons ir p\u0101rtrauku\u0161i dal\u012bbu&hellip;\n","protected":false},"author":2,"featured_media":13679,"comment_status":"","ping_status":"","sticky":false,"template":"","format":"standard","meta":{"footnotes":""},"categories":[17],"tags":[3952,1905,394,35,39,38,36,37,34,40,835,4924,67],"class_list":{"0":"post-13678","1":"post","2":"type-post","3":"status-publish","4":"format-standard","5":"has-post-thumbnail","7":"category-sports","8":"tag-ahl","9":"tag-dans-locmelis","10":"tag-hokejs","11":"tag-latvia","12":"tag-latvian","13":"tag-latviesu","14":"tag-latviesu-valoda","15":"tag-latviesuvaloda","16":"tag-latvija","17":"tag-lv","18":"tag-nhl","19":"tag-raivis-ansons","20":"tag-sports"},"share_on_mastodon":{"url":"","error":""},"_links":{"self":[{"href":"https:\/\/www.europesays.com\/lv\/wp-json\/wp\/v2\/posts\/13678","targetHints":{"allow":["GET"]}}],"collection":[{"href":"https:\/\/www.europesays.com\/lv\/wp-json\/wp\/v2\/posts"}],"about":[{"href":"https:\/\/www.europesays.com\/lv\/wp-json\/wp\/v2\/types\/post"}],"author":[{"embeddable":true,"href":"https:\/\/www.europesays.com\/lv\/wp-json\/wp\/v2\/users\/2"}],"replies":[{"embeddable":true,"href":"https:\/\/www.europesays.com\/lv\/wp-json\/wp\/v2\/comments?post=13678"}],"version-history":[{"count":0,"href":"https:\/\/www.europesays.com\/lv\/wp-json\/wp\/v2\/posts\/13678\/revisions"}],"wp:featuredmedia":[{"embeddable":true,"href":"https:\/\/www.europesays.com\/lv\/wp-json\/wp\/v2\/media\/13679"}],"wp:attachment":[{"href":"https:\/\/www.europesays.com\/lv\/wp-json\/wp\/v2\/media?parent=13678"}],"wp:term":[{"taxonomy":"category","embeddable":true,"href":"https:\/\/www.europesays.com\/lv\/wp-json\/wp\/v2\/categories?post=13678"},{"taxonomy":"post_tag","embeddable":true,"href":"https:\/\/www.europesays.com\/lv\/wp-json\/wp\/v2\/tags?post=13678"}],"curies":[{"name":"wp","href":"https:\/\/api.w.org\/{rel}","templated":true}]}}