{"id":13702,"date":"2025-10-06T07:32:07","date_gmt":"2025-10-06T07:32:07","guid":{"rendered":"https:\/\/www.europesays.com\/lv\/13702\/"},"modified":"2025-10-06T07:32:07","modified_gmt":"2025-10-06T07:32:07","slug":"jekabpils-basketbolisti-iesak-sezonu-ar-sivu-cinu-jekabpils-laiks-jekabpils-zinas","status":"publish","type":"post","link":"https:\/\/www.europesays.com\/lv\/13702\/","title":{"rendered":"J\u0113kabpils basketbolisti ies\u0101k sezonu ar s\u012bvu c\u012b\u0146u \/ J\u0113kabpils Laiks: J\u0113kabpils zi\u0146as"},"content":{"rendered":"<p>Basketbola komanda \u201cJ\u0113kabpils BA\u201d J\u0113kabpils sporta hall\u0113 aizvad\u012bjusi pirmo sp\u0113li Nacion\u0101l\u0101s basketbola l\u012bgas jaunaj\u0101 sezon\u0101, uz\u0146emot \u201cGulbenes Buki\/BJSS\u201d vien\u012bbu. Spraig\u0101 c\u012b\u0146\u0101 m\u0101jinieki piek\u0101p\u0101s ar rezult\u0101tu 70:75.<\/p>\n<p>Rezultat\u012bv\u0101kais sp\u0113l\u0113t\u0101js J\u0113kabpils komand\u0101 bija Ren\u0101rs Magone, kur\u0161 guva 32 punktus un izc\u012bn\u012bja 14 atl\u0113ku\u0161\u0101s bumbas. Vi\u0146am pievienoj\u0101s Didzis Mali\u0161evs ar 15 punktiem un asto\u0146\u0101m atl\u0113ku\u0161aj\u0101m bumb\u0101m.<\/p>\n<p>Jau piektdien, 10. oktobr\u012b, J\u0113kabpils Sporta hall\u0113 komanda turpin\u0101s sezonu, uz\u0146emot \u201cR\u012bgas Ze\u013c\u013cus\u201d. Sp\u0113les s\u0101kums \u2013 pulksten 20.00.<\/p>\n<p>Savuk\u0101rt sestdien, 11. oktobr\u012b, Re\u0123ion\u0101l\u0101s basketbola l\u012bgas sezonu s\u0101ks \u201cJ\u0113kabpils BA\/Sporta centrs\u201d komanda. Sp\u0113le pret \u201cMe\u017eusili\/Al\u016bksni\u201d notiks J\u0113kabpils Sporta hall\u0113, s\u0101kums \u2013 pulksten 15.00.<\/p>\n","protected":false},"excerpt":{"rendered":"Basketbola komanda \u201cJ\u0113kabpils BA\u201d J\u0113kabpils sporta hall\u0113 aizvad\u012bjusi pirmo sp\u0113li Nacion\u0101l\u0101s basketbola l\u012bgas jaunaj\u0101 sezon\u0101, uz\u0146emot \u201cGulbenes Buki\/BJSS\u201d&hellip;\n","protected":false},"author":2,"featured_media":13703,"comment_status":"","ping_status":"","sticky":false,"template":"","format":"standard","meta":{"footnotes":""},"categories":[17],"tags":[987,986,35,39,38,36,37,34,40,67],"class_list":{"0":"post-13702","1":"post","2":"type-post","3":"status-publish","4":"format-standard","5":"has-post-thumbnail","7":"category-sports","8":"tag-jekabpils-zinas","9":"tag-jekabpilslaiks","10":"tag-latvia","11":"tag-latvian","12":"tag-latviesu","13":"tag-latviesu-valoda","14":"tag-latviesuvaloda","15":"tag-latvija","16":"tag-lv","17":"tag-sports"},"share_on_mastodon":{"url":"","error":""},"_links":{"self":[{"href":"https:\/\/www.europesays.com\/lv\/wp-json\/wp\/v2\/posts\/13702","targetHints":{"allow":["GET"]}}],"collection":[{"href":"https:\/\/www.europesays.com\/lv\/wp-json\/wp\/v2\/posts"}],"about":[{"href":"https:\/\/www.europesays.com\/lv\/wp-json\/wp\/v2\/types\/post"}],"author":[{"embeddable":true,"href":"https:\/\/www.europesays.com\/lv\/wp-json\/wp\/v2\/users\/2"}],"replies":[{"embeddable":true,"href":"https:\/\/www.europesays.com\/lv\/wp-json\/wp\/v2\/comments?post=13702"}],"version-history":[{"count":0,"href":"https:\/\/www.europesays.com\/lv\/wp-json\/wp\/v2\/posts\/13702\/revisions"}],"wp:featuredmedia":[{"embeddable":true,"href":"https:\/\/www.europesays.com\/lv\/wp-json\/wp\/v2\/media\/13703"}],"wp:attachment":[{"href":"https:\/\/www.europesays.com\/lv\/wp-json\/wp\/v2\/media?parent=13702"}],"wp:term":[{"taxonomy":"category","embeddable":true,"href":"https:\/\/www.europesays.com\/lv\/wp-json\/wp\/v2\/categories?post=13702"},{"taxonomy":"post_tag","embeddable":true,"href":"https:\/\/www.europesays.com\/lv\/wp-json\/wp\/v2\/tags?post=13702"}],"curies":[{"name":"wp","href":"https:\/\/api.w.org\/{rel}","templated":true}]}}