{"id":13726,"date":"2025-10-06T07:53:07","date_gmt":"2025-10-06T07:53:07","guid":{"rendered":"https:\/\/www.europesays.com\/lv\/13726\/"},"modified":"2025-10-06T07:53:07","modified_gmt":"2025-10-06T07:53:07","slug":"mediku-arodbiedriba-apsver-neuzticibas-izteiksanu-veselibas-ministram-abu-meri","status":"publish","type":"post","link":"https:\/\/www.europesays.com\/lv\/13726\/","title":{"rendered":"Medi\u0137u arodbiedr\u012bb\u0101 apsver neuztic\u012bbas izteik\u0161anu vesel\u012bbas ministram Abu Meri"},"content":{"rendered":"<p>Tas arodbiedr\u012bbai \u013caujot secin\u0101t, ka VM &#8220;nepiedodami nesp\u0113j\u012bg\u0101 attieksme pret valsts vesel\u012bbas apr\u016bpes stiprin\u0101\u0161anu ne tikai pasliktin\u0101s iedz\u012bvot\u0101ju vesel\u012bbu, bet ar\u012b apdraud\u0113s valsts dz\u012bvotsp\u0113ju&#8221;.<\/p>\n<p>Ne \u0161ogad, ne 2026.gad\u0101 valsts nepl\u0101no paaugstin\u0101t darba samaksu vesel\u012bbas apr\u016bpes nozares darbiniekiem, kaut ar\u012b jau tagad t\u0101s konkur\u0113tsp\u0113ja tautsaimniec\u012bb\u0101 ir atkritusi atpaka\u013c 2020.gada l\u012bmen\u012b, nor\u0101da arodbiedr\u012bb\u0101. Tas savuk\u0101rt draud ar nozares profesion\u0101\u013cu strauj\u0101ku aizpl\u016b\u0161anu no valsts sektora situ\u0101cij\u0101, kas cilv\u0113kresursu defic\u012bta zi\u0146\u0101 jau t\u0101 ir kritiska, atz\u012bm\u0113 LVSADA.<\/p>\n<p>Jau v\u0113st\u012bts, ka izl\u012bg\u0161anas komisijas darbs, p\u0113c tam kad arodbiedr\u012bba pras\u012bbas apmierin\u0101\u0161anai uzs\u0101ka kolekt\u012bv\u0101 intere\u0161u str\u012bda proced\u016bru, ir nosl\u0113dzies bez rezult\u0101ta.<\/p>\n<p>K\u0101 a\u0123ent\u016bru LETA inform\u0113ja VM p\u0101rst\u0101ve Barbara \u0100l\u012bte, ministrija sarun\u0101s pied\u0101v\u0101ja darba samaksas pieauguma risin\u0101jumus mekl\u0113t 2027.gada bud\u017eet\u0101, \u0146emot v\u0113r\u0101 valsts bud\u017eeta apstiprin\u0101\u0161anas gaitu un noteikt\u0101s priorit\u0101tes.<\/p>\n<p>P\u0113c VM kl\u0101st\u012bt\u0101, sarun\u0101s puses nav vienoju\u0161\u0101s par likum\u0101 paredz\u0113t\u0101s samierin\u0101\u0161anas metodes izmanto\u0161anu. Arodbiedr\u012bba esot inform\u0113jusi VM, ka izmantos ties\u012bbas aizsarg\u0101t savas kolekt\u012bv\u0101s intereses.<\/p>\n<p>VM apzinoties cilv\u0113kresursu situ\u0101cijas nopietn\u012bbu vesel\u012bbas apr\u016bp\u0113, \u012bpa\u0161i m\u0101su tr\u016bkumu, un atz\u012bst, ka atalgojuma pieaugums ir noz\u012bm\u012bgs faktors speci\u0101listu notur\u0113\u0161anai un piesaistei darba viet\u0101m valsts sektor\u0101 valsts apmaks\u0101to vesel\u012bbas apr\u016bpes pakalpojumu snieg\u0161anai. Ministrija iest\u0101joties par &#8220;m\u0113r\u0137tiec\u012bgu un sistem\u0101tisku cilv\u0113kresursu stiprin\u0101\u0161anu atbilsto\u0161i pie\u0146emtajai Vesel\u012bbas darbasp\u0113ka att\u012bst\u012bbas strat\u0113\u0123ijai 2025.-2029.gadam, k\u0101 ar\u012b regul\u0101ru dialogu ar arodbiedr\u012bbu un nozares profesion\u0101laj\u0101m organiz\u0101cij\u0101m&#8221;.<\/p>\n","protected":false},"excerpt":{"rendered":"Tas arodbiedr\u012bbai \u013caujot secin\u0101t, ka VM &#8220;nepiedodami nesp\u0113j\u012bg\u0101 attieksme pret valsts vesel\u012bbas apr\u016bpes stiprin\u0101\u0161anu ne tikai pasliktin\u0101s iedz\u012bvot\u0101ju&hellip;\n","protected":false},"author":2,"featured_media":13727,"comment_status":"","ping_status":"","sticky":false,"template":"","format":"standard","meta":{"footnotes":""},"categories":[12],"tags":[23,28,29,32,33,22,256,30,31,35,39,38,36,37,34,40,257,20,26,27,24,25,1454,21],"class_list":{"0":"post-13726","1":"post","2":"type-post","3":"status-publish","4":"format-standard","5":"has-post-thumbnail","7":"category-latvija","8":"tag-aktualitates","9":"tag-breaking-news","10":"tag-breakingnews","11":"tag-featured-news","12":"tag-featurednews","13":"tag-headlines","14":"tag-hosams-abu-meri","15":"tag-latest-news","16":"tag-latestnews","17":"tag-latvia","18":"tag-latvian","19":"tag-latviesu","20":"tag-latviesu-valoda","21":"tag-latviesuvaloda","22":"tag-latvija","23":"tag-lv","24":"tag-lvsada","25":"tag-news","26":"tag-popularakas-zinas","27":"tag-popularakaszinas","28":"tag-top-stories","29":"tag-topstories","30":"tag-veselibas-ministrija","31":"tag-zinas"},"share_on_mastodon":{"url":"","error":""},"_links":{"self":[{"href":"https:\/\/www.europesays.com\/lv\/wp-json\/wp\/v2\/posts\/13726","targetHints":{"allow":["GET"]}}],"collection":[{"href":"https:\/\/www.europesays.com\/lv\/wp-json\/wp\/v2\/posts"}],"about":[{"href":"https:\/\/www.europesays.com\/lv\/wp-json\/wp\/v2\/types\/post"}],"author":[{"embeddable":true,"href":"https:\/\/www.europesays.com\/lv\/wp-json\/wp\/v2\/users\/2"}],"replies":[{"embeddable":true,"href":"https:\/\/www.europesays.com\/lv\/wp-json\/wp\/v2\/comments?post=13726"}],"version-history":[{"count":0,"href":"https:\/\/www.europesays.com\/lv\/wp-json\/wp\/v2\/posts\/13726\/revisions"}],"wp:featuredmedia":[{"embeddable":true,"href":"https:\/\/www.europesays.com\/lv\/wp-json\/wp\/v2\/media\/13727"}],"wp:attachment":[{"href":"https:\/\/www.europesays.com\/lv\/wp-json\/wp\/v2\/media?parent=13726"}],"wp:term":[{"taxonomy":"category","embeddable":true,"href":"https:\/\/www.europesays.com\/lv\/wp-json\/wp\/v2\/categories?post=13726"},{"taxonomy":"post_tag","embeddable":true,"href":"https:\/\/www.europesays.com\/lv\/wp-json\/wp\/v2\/tags?post=13726"}],"curies":[{"name":"wp","href":"https:\/\/api.w.org\/{rel}","templated":true}]}}