{"id":137392,"date":"2026-02-22T16:53:03","date_gmt":"2026-02-22T16:53:03","guid":{"rendered":"https:\/\/www.europesays.com\/lv\/137392\/"},"modified":"2026-02-22T16:53:03","modified_gmt":"2026-02-22T16:53:03","slug":"italu-gitaristu-kvartets-40-fingers-sniegs-iespaidigu-koncertu-xiaomi-arena-riga-lente-lv","status":"publish","type":"post","link":"https:\/\/www.europesays.com\/lv\/137392\/","title":{"rendered":"It\u0101\u013cu \u0123it\u0101ristu kvartets \u201c40 Fingers\u201d sniegs iespaid\u012bgu koncertu \u201cXiaomi Ar\u0113n\u0101\u201d R\u012bg\u0101\u00a0\u2014\u00a0Lente.lv"},"content":{"rendered":"<p>Ierodas starptautiski atz\u012bts \u0123it\u0101ristu kvartets<\/p>\n<p>2026. gada 27. mart\u0101 R\u012bg\u0101, \u201cXiaomi Ar\u0113n\u0101\u201d uzst\u0101sies popul\u0101rais it\u0101\u013cu \u0123it\u0101ristu kvartets \u201c40 Fingers\u201d. K\u0101 inform\u0113 port\u0101ls NRA, \u0161is notikums pulc\u0113s gan viet\u0113jos, gan starptautiskos m\u016bzikas cien\u012bt\u0101jus, lai kl\u0101tien\u0113 izbaud\u012btu virtuozu \u0123it\u0101rsp\u0113li.<\/p>\n<p>Fenomen\u0101ls pan\u0101kumu st\u0101sts soci\u0101lajos t\u012bklos un ne tikai<\/p>\n<p>\u010cetrus talant\u012bgus it\u0101\u013cu m\u016bzi\u0137us \u2013 Matteo Brenci, Emanuele Grafitti, Enrico Maria Milanesi un Andrea Vittori \u2013 apvienojo\u0161ais kvartets \u201c40 Fingers\u201d ir guvis pla\u0161u atzin\u012bbu, pateicoties sav\u0101m unik\u0101laj\u0101m interpret\u0101cij\u0101m. Vi\u0146u izpild\u012btie popul\u0101ro rokm\u016bzikas un kino ska\u0146darbu kaverversijas ir sav\u0101ku\u0161as vair\u0101k nek\u0101 100 miljonus skat\u012bjumu tie\u0161saist\u0113. Grupas talants ir nov\u0113rt\u0113ts ar\u012b tik atz\u012btu m\u0101kslinieku vid\u016b k\u0101 le\u0123end\u0101r\u0101 rokgrupa \u201cQueen\u201d, kura dal\u012bjusies ar \u201c40 Fingers\u201d versiju par dziesmu \u201cBohemian Rhapsody\u201d sav\u0101 ofici\u0101laj\u0101 m\u0101jaslap\u0101. T\u0101pat sadarb\u012bbas v\u0113lmi izteiku\u0161i t\u0101di m\u016bzi\u0137i k\u0101 Andrea Bo\u010delli un Endijs Samerss no \u201cThe Police\u201d.<\/p>\n<p>Pla\u0161a repertu\u0101ra un da\u017e\u0101du \u017eanru sapl\u016b\u0161ana<\/p>\n<p>\u201c40 Fingers\u201d repertu\u0101rs ir daudzveid\u012bgs, aptverot gan roka un popm\u016bzikas hitu aran\u017e\u0113jumus \u010detr\u0101m \u0123it\u0101r\u0101m, gan ori\u0123in\u0101lsabiedr\u012bbas. \u012apa\u0161u uzman\u012bbu piev\u0113r\u0161ot filmu un seri\u0101lu m\u016bzikai, kvartets rad\u012bjis ori\u0123in\u0101las t\u0113mu aran\u017e\u0113jumus no t\u0101d\u0101m paz\u012bstam\u0101m film\u0101m k\u0101 \u201cZvaig\u017e\u0146u kari\u201d un \u201cP\u0113d\u0113jais mohik\u0101nis\u201d.<\/p>\n<p>Koncerta deta\u013cas un bi\u013ce\u0161u pieejam\u012bba<\/p>\n<p>Koncerts notiks 27. mart\u0101 plkst. 20:00 \u201cXiaomi Ar\u0113n\u0101\u201d R\u012bg\u0101. Tas ir da\u013ca no grupas Eiropas koncertt\u016bres. Bi\u013cetes uz pas\u0101kumu ir pieejamas p\u0101rdo\u0161an\u0101, pied\u0101v\u0101jot da\u017e\u0101das s\u0113dvietu kategorijas.<\/p>\n","protected":false},"excerpt":{"rendered":"Ierodas starptautiski atz\u012bts \u0123it\u0101ristu kvartets 2026. gada 27. mart\u0101 R\u012bg\u0101, \u201cXiaomi Ar\u0113n\u0101\u201d uzst\u0101sies popul\u0101rais it\u0101\u013cu \u0123it\u0101ristu kvartets \u201c40&hellip;\n","protected":false},"author":2,"featured_media":137393,"comment_status":"","ping_status":"","sticky":false,"template":"","format":"standard","meta":{"footnotes":"","_share_on_mastodon":"0"},"categories":[19],"tags":[30169,89,30170,30171,90,656,35,39,38,36,37,34,40,1068],"class_list":["post-137392","post","type-post","status-publish","format-standard","has-post-thumbnail","category-izklaide","tag-40-fingers","tag-entertainment","tag-gitaristu-kvartets","tag-italu-muzika","tag-izklaide","tag-koncerts-riga","tag-latvia","tag-latvian","tag-latviesu","tag-latviesu-valoda","tag-latviesuvaloda","tag-latvija","tag-lv","tag-xiaomi-arena"],"share_on_mastodon":{"url":"https:\/\/pubeurope.com\/@lv\/116115328459244310","error":""},"_links":{"self":[{"href":"https:\/\/www.europesays.com\/lv\/wp-json\/wp\/v2\/posts\/137392","targetHints":{"allow":["GET"]}}],"collection":[{"href":"https:\/\/www.europesays.com\/lv\/wp-json\/wp\/v2\/posts"}],"about":[{"href":"https:\/\/www.europesays.com\/lv\/wp-json\/wp\/v2\/types\/post"}],"author":[{"embeddable":true,"href":"https:\/\/www.europesays.com\/lv\/wp-json\/wp\/v2\/users\/2"}],"replies":[{"embeddable":true,"href":"https:\/\/www.europesays.com\/lv\/wp-json\/wp\/v2\/comments?post=137392"}],"version-history":[{"count":0,"href":"https:\/\/www.europesays.com\/lv\/wp-json\/wp\/v2\/posts\/137392\/revisions"}],"wp:featuredmedia":[{"embeddable":true,"href":"https:\/\/www.europesays.com\/lv\/wp-json\/wp\/v2\/media\/137393"}],"wp:attachment":[{"href":"https:\/\/www.europesays.com\/lv\/wp-json\/wp\/v2\/media?parent=137392"}],"wp:term":[{"taxonomy":"category","embeddable":true,"href":"https:\/\/www.europesays.com\/lv\/wp-json\/wp\/v2\/categories?post=137392"},{"taxonomy":"post_tag","embeddable":true,"href":"https:\/\/www.europesays.com\/lv\/wp-json\/wp\/v2\/tags?post=137392"}],"curies":[{"name":"wp","href":"https:\/\/api.w.org\/{rel}","templated":true}]}}