{"id":13758,"date":"2025-10-06T08:10:07","date_gmt":"2025-10-06T08:10:07","guid":{"rendered":"https:\/\/www.europesays.com\/lv\/13758\/"},"modified":"2025-10-06T08:10:07","modified_gmt":"2025-10-06T08:10:07","slug":"krievijas-enu-flote-apdraud-baltijas-juru","status":"publish","type":"post","link":"https:\/\/www.europesays.com\/lv\/13758\/","title":{"rendered":"Krievijas &#8220;\u0113nu flote&#8221; apdraud Baltijas j\u016bru"},"content":{"rendered":"<p>Kop\u0161 j\u016bnija vidus gar V\u0101cijas piekrasti nobrauku\u0161i 188 \u0161\u0101di tankku\u0123i, kas transport\u0113ju\u0161i miljoniem tonnu naftas no Krievijas ost\u0101m Primorsk\u0101 un Ustjlug\u0101, nor\u0101da &#8220;Greenpeace&#8221;.<\/p>\n<p>123 no \u0161iem tankku\u0123iem ir pak\u013cauti starptautiskaj\u0101m sankcij\u0101m, bet 27 &#8220;spoku ku\u0123i&#8221; nav re\u0123istr\u0113ti nevien\u0101 ku\u0123o\u0161anas datub\u0101z\u0113 un ku\u0123o zem viltus karogiem, v\u0113sta vides aizst\u0101vju.<\/p>\n<p>70 no \u0161iem ku\u0123iem, kurus <a href=\"https:\/\/www.apollo.lv\/term\/555452\/krievija\" class=\"topicLink\" target=\"_blank\" rel=\"nofollow noopener\">Krievija<\/a> izmanto sankciju apie\u0161anai, ir vismaz 20 gadus veci un vairs nav piem\u0113roti dro\u0161ai naftas p\u0101rvad\u0101\u0161anai, uzsver &#8220;Greenpeace&#8221;.<\/p>\n<p>Organiz\u0101cijas p\u0101rst\u0101vis T\u012blo M\u0101ks piel\u012bdzin\u0101ja \u0161o tankku\u0123u izmanto\u0161anu b\u012bstamu kravu p\u0101rvad\u0101\u0161anai ar nere\u0123istr\u0113t\u0101m un neapdro\u0161in\u0101t\u0101m kravas automa\u0161\u012bn\u0101m.<\/p>\n<p>M\u0101ks nor\u0101d\u012bja, ka V\u0101cijas piekrasti nepiecie\u0161ams pasarg\u0101t no Krievijas \u0113nu flotes rad\u012bt\u0101 vides apdraud\u0113juma.<\/p>\n","protected":false},"excerpt":{"rendered":"Kop\u0161 j\u016bnija vidus gar V\u0101cijas piekrasti nobrauku\u0161i 188 \u0161\u0101di tankku\u0123i, kas transport\u0113ju\u0161i miljoniem tonnu naftas no Krievijas ost\u0101m&hellip;\n","protected":false},"author":2,"featured_media":13759,"comment_status":"","ping_status":"","sticky":false,"template":"","format":"standard","meta":{"footnotes":""},"categories":[14],"tags":[23,57,1934,28,29,1153,4953,32,33,22,234,30,31,35,39,38,36,37,34,40,20,26,27,24,25,54,55,56,21,58],"class_list":{"0":"post-13758","1":"post","2":"type-post","3":"status-publish","4":"format-standard","5":"has-post-thumbnail","7":"category-zinas-no-arvalstim","8":"tag-aktualitates","9":"tag-arvalstim","10":"tag-baltijas-jura","11":"tag-breaking-news","12":"tag-breakingnews","13":"tag-daba","14":"tag-dabas-aizsardziba","15":"tag-featured-news","16":"tag-featurednews","17":"tag-headlines","18":"tag-krievija","19":"tag-latest-news","20":"tag-latestnews","21":"tag-latvia","22":"tag-latvian","23":"tag-latviesu","24":"tag-latviesu-valoda","25":"tag-latviesuvaloda","26":"tag-latvija","27":"tag-lv","28":"tag-news","29":"tag-popularakas-zinas","30":"tag-popularakaszinas","31":"tag-top-stories","32":"tag-topstories","33":"tag-world","34":"tag-world-news","35":"tag-worldnews","36":"tag-zinas","37":"tag-zinas-no-arvalstim"},"share_on_mastodon":{"url":"","error":""},"_links":{"self":[{"href":"https:\/\/www.europesays.com\/lv\/wp-json\/wp\/v2\/posts\/13758","targetHints":{"allow":["GET"]}}],"collection":[{"href":"https:\/\/www.europesays.com\/lv\/wp-json\/wp\/v2\/posts"}],"about":[{"href":"https:\/\/www.europesays.com\/lv\/wp-json\/wp\/v2\/types\/post"}],"author":[{"embeddable":true,"href":"https:\/\/www.europesays.com\/lv\/wp-json\/wp\/v2\/users\/2"}],"replies":[{"embeddable":true,"href":"https:\/\/www.europesays.com\/lv\/wp-json\/wp\/v2\/comments?post=13758"}],"version-history":[{"count":0,"href":"https:\/\/www.europesays.com\/lv\/wp-json\/wp\/v2\/posts\/13758\/revisions"}],"wp:featuredmedia":[{"embeddable":true,"href":"https:\/\/www.europesays.com\/lv\/wp-json\/wp\/v2\/media\/13759"}],"wp:attachment":[{"href":"https:\/\/www.europesays.com\/lv\/wp-json\/wp\/v2\/media?parent=13758"}],"wp:term":[{"taxonomy":"category","embeddable":true,"href":"https:\/\/www.europesays.com\/lv\/wp-json\/wp\/v2\/categories?post=13758"},{"taxonomy":"post_tag","embeddable":true,"href":"https:\/\/www.europesays.com\/lv\/wp-json\/wp\/v2\/tags?post=13758"}],"curies":[{"name":"wp","href":"https:\/\/api.w.org\/{rel}","templated":true}]}}