{"id":13777,"date":"2025-10-06T08:24:09","date_gmt":"2025-10-06T08:24:09","guid":{"rendered":"https:\/\/www.europesays.com\/lv\/13777\/"},"modified":"2025-10-06T08:24:09","modified_gmt":"2025-10-06T08:24:09","slug":"spried-ar-delfi-par-elektrisko-velosipedu-pakalpojumu-apturesanu-pec-tragedijas-imanta-video-tiesraide","status":"publish","type":"post","link":"https:\/\/www.europesays.com\/lv\/13777\/","title":{"rendered":"&#8220;Spried ar Delfi&#8221; par elektrisko velosip\u0113du pakalpojumu aptur\u0113\u0161anu p\u0113c tra\u0123\u0113dijas Imant\u0101. Video tie\u0161raide"},"content":{"rendered":"<p>Pla\u0161u rezonansi un viedok\u013cu sadursmes izsaucis Pat\u0113r\u0113t\u0101ju ties\u012bbu aizsardz\u012bbas centra (<a rel=\"noopener nofollow\" target=\"_blank\" href=\"https:\/\/www.delfi.lv\/temas\/43020454\/ptac\" tag-id=\"43020454\">PTAC<\/a>) l\u0113mums aptur\u0113t koplieto\u0161anas &#8220;e-velosip\u0113du&#8221; operatora &#8220;Ride Mobility&#8221; sniegtos pakalpojumus. \u0160\u0101ds l\u0113mums sekoja p\u0113c R\u012bgas m\u0113ra Viestura Kleinberga (P) aicin\u0101juma v\u0113rt\u0113t uz\u0146\u0113muma darb\u012bbu un p\u0113c divu meite\u0146u n\u0101ves, ar &#8220;Ride Mobility&#8221; braucamr\u012bku pak\u013c\u016bstot zem vilciena Imant\u0101. Tom\u0113r uz\u0146\u0113mums &#8220;Ride&#8221; piektdien pakalpojuma snieg\u0161anu neaptur\u0113ja un nos\u016bt\u012bja PTAC v\u0113stuli par pie\u0146emt\u0101 l\u0113muma nepamatot\u012bbu. Par PTAC l\u0113mumu, t\u0101 saist\u012bbu ar tra\u0123\u0113diju, mikromobilit\u0101tes r\u012bku lieto\u0161anas dro\u0161umu un k\u0101 to uzlabot, pirmdien, 6. oktobr\u012b, pulksten 12.00 raid\u012bjum\u0101 &#8220;<a rel=\"noopener nofollow\" target=\"_blank\" href=\"https:\/\/www.delfi.lv\/temas\/52957207\/spried-ar-delfi\" tag-id=\"52957207\">Spried ar Delfi<\/a>&#8221; \u017eurn\u0101lists Andris Auz\u0101ns run\u0101s ar PTAC direktori Zaigu Liepi\u0146u un &#8220;Ride Mobility&#8221; izpilddirektoru Edgaru J\u0101kobsonu.<\/p>\n<p>K\u0101 piektdien medijiem sac\u012bja PTAC direktore Zaiga Liepi\u0146a, PTAC piem\u0113ros administrat\u012bvo p\u0101rk\u0101pumu sodu koplieto\u0161anas &#8220;e-velosip\u0113du&#8221; operatoram &#8220;Ride Mobility&#8221; (SIA &#8220;Ride&#8221;) par darb\u012bbas neaptur\u0113\u0161anu atbilsto\u0161i PTAC aicin\u0101jumam.<\/p>\n<p class=\"western\">Liepi\u0146a sac\u012bja, ka, \u0146emot v\u0113r\u0101, ka &#8220;Ride&#8221; nesadarbojas ar PTAC, tiek gatavots l\u0113mums par sodu piem\u0113ro\u0161anu. PTAC gaida papildu piepras\u012bto inform\u0101ciju no pakalpojuma sniedz\u0113ja padzi\u013cin\u0101tai v\u0113rt\u0113\u0161anai, k\u0101 ar\u012b tiek veidota risku v\u0113rt\u0113\u0161anas komisija ar Ce\u013cu satiksmes dro\u0161\u012bbas direkcijas (<a rel=\"noopener nofollow\" target=\"_blank\" href=\"https:\/\/www.delfi.lv\/temas\/40628029\/csdd\" tag-id=\"40628029\">CSDD<\/a>), Valsts policijas (VP) un citiem p\u0101rst\u0101vjiem.<\/p>\n<p class=\"western\">PTAC ieskat\u0101 &#8220;Ride&#8221; darbojas nepie\u0146emami un bezatbild\u012bgi, nenodro\u0161inot dro\u0161u pakalpojumu. Vi\u0146a atzina, ka ir sa\u0146emti &#8220;Ride&#8221; iebildumi. &#8220;\u0160aj\u0101 iesniegum\u0101 pakalpojuma sniedz\u0113ja attieksme pret dro\u0161umu ir form\u0101la, jo pakalpojuma sniedz\u0113js saka, ka vecuma p\u0101rbaude uz vi\u0146u neattiecas un ir d\u0101rga, bet uz\u0146\u0113muma noteikumos ir rakst\u012bts, ka \u0161os &#8220;e-velosip\u0113dus&#8221; dr\u012bkst izmantot no 18 gadiem, bet netiek nodro\u0161in\u0101ta p\u0101rbaude,&#8221; piebilda Liepi\u0146a.<\/p>\n<p class=\"western\">CSDD Re\u0123istr\u0101cijas departamenta vad\u012bt\u0101js Aivis Ozoli\u0146\u0161 skaidroja, ka &#8220;Ride&#8221; ir paman\u012bjis &#8220;likuma tr\u016bkumus&#8221;, jo \u0161ie braucamie atbilst velosip\u0113da defin\u012bcijai. Vi\u0146\u0161 uzsv\u0113ra, ka Ce\u013cu satiksmes likum\u0101 tiek virz\u012bti groz\u012bjumi, lai \u0161\u0101dus transportl\u012bdzek\u013cus (&#8220;pa\u0161g\u0101j\u0113js velosip\u0113ds&#8221;) nodal\u012btu no velosip\u0113da defin\u012bcijas, un noteiktu papildu pras\u012bbas, piem\u0113ram, re\u0123istr\u0101ciju.<\/p>\n<p class=\"western\">&#8220;Ride&#8221; piektdien nav aptur\u0113jis pakalpojuma snieg\u0161anu, k\u0101 ar\u012b nos\u016bt\u012bjis PTAC v\u0113stuli par pie\u0146emt\u0101 l\u0113muma nepamatot\u012bbu, sac\u012bja &#8220;Ride&#8221; izpilddirektors Edgars J\u0101kobsons.<\/p>\n<p class=\"western\">Vi\u0146\u0161 skaidroja, ka uz\u0146\u0113mums kop\u0101 ar juristiem izanaliz\u0113jis PTAC l\u0113mumu un nos\u016bt\u012bjis iest\u0101dei v\u0113stuli, kur\u0101 nor\u0101da, ka PTAC l\u0113mums &#8220;Ride&#8221; ieskat\u0101 ir nesam\u0113r\u012bgs un nav pamatots.<\/p>\n<p class=\"western\">K\u0101 v\u0113st\u012bts, R\u012bg\u0101, pie Imantas dzelzce\u013ca stacijas, pak\u013c\u016bstot zem vilciena, tre\u0161dien, 1. oktobr\u012b, g\u0101ja boj\u0101 divas meitenes. Meitenes zaud\u0113ju\u0161as dz\u012bv\u012bbu p\u0113c tam, kad vi\u0146u vad\u012bto nomas elektrosk\u016bteri aiz\u0137\u0113ra vilciens.<\/p>\n<p class=\"western\">Savus jaut\u0101jumus raid\u012bjuma viesiem s\u016btiet uz e-pastu spried@delfi.lv vai vietn\u0113 <a rel=\"noopener nofollow\" target=\"_blank\" href=\"https:\/\/app.sli.do\/event\/rRS8GmJ8PSX3BDG5SwfoZx\" data-rel-date-range=\"[]\">slido.com<\/a>, izmantojot kodu #Mikromobilitate.<\/p>\n<p class=\"western\">Raid\u012bjuma <a rel=\"noopener nofollow\" target=\"_blank\" href=\"https:\/\/www.delfi.lv\/temas\/52957207\/spried-ar-delfi\" data-rel-date-range=\"[]\">&#8220;Spried ar Delfi<\/a>&#8221; jaun\u0101k\u0101s epizodes ir pieejamas <a rel=\"noopener nofollow\" target=\"_blank\" href=\"https:\/\/podcasts.apple.com\/lv\/podcast\/spried-ar-delfi\/id1600051267\" data-rel-date-range=\"[]\">Apple<\/a> un <a rel=\"noopener nofollow\" target=\"_blank\" href=\"https:\/\/open.spotify.com\/show\/1xlLIWwWF0TtscTAUhGMUv?si=Q8r5UNi3QYyF1w3cUZrAWw&amp;nd=1&amp;dlsi=f709a12a5af54acf\" data-rel-date-range=\"[]\">Spotify<\/a> podk\u0101stos!<\/p>\n<p class=\"m-0\">Seko &#8220;Delfi&#8221; ar\u012b  <a target=\"_blank\" href=\"https:\/\/www.instagram.com\/delfi.lv\/\" rel=\"nofollow noopener\">Instagram<\/a>  un <a target=\"_blank\" href=\"https:\/\/www.youtube.com\/channel\/UCw5foWtcJvAbUm64rv7jwUQ\" rel=\"nofollow noopener\">YouTube<\/a>  profil\u0101 \u2013 pievienojies, lai uzzin\u0101tu svar\u012bg\u0101ko un interesant\u0101ko pirmais!<\/p>\n<p>Publik\u0101cijas saturs vai t\u0101s jebk\u0101da apjoma da\u013ca ir aizsarg\u0101ts autorties\u012bbu objekts Autorties\u012bbu likuma izpratn\u0113, un t\u0101 izmanto\u0161ana bez izdev\u0113ja at\u013caujas ir aizliegta. Vair\u0101k lasi  <a target=\"_blank\" href=\"https:\/\/www.delfi.lv\/noteikumi#autortiesibas\" rel=\"nofollow noopener\">\u0161eit<\/a><script async src=\"\/\/www.instagram.com\/embed.js\"><\/script><\/p>\n","protected":false},"excerpt":{"rendered":"Pla\u0161u rezonansi un viedok\u013cu sadursmes izsaucis Pat\u0113r\u0113t\u0101ju ties\u012bbu aizsardz\u012bbas centra (PTAC) l\u0113mums aptur\u0113t koplieto\u0161anas &#8220;e-velosip\u0113du&#8221; operatora &#8220;Ride Mobility&#8221;&hellip;\n","protected":false},"author":2,"featured_media":13778,"comment_status":"","ping_status":"","sticky":false,"template":"","format":"standard","meta":{"footnotes":""},"categories":[5],"tags":[23,28,29,1145,32,33,22,30,31,35,39,38,36,37,34,40,20,4955,26,27,4211,4954,24,25,21],"class_list":{"0":"post-13777","1":"post","2":"type-post","3":"status-publish","4":"format-standard","5":"has-post-thumbnail","7":"category-aktualitates","8":"tag-aktualitates","9":"tag-breaking-news","10":"tag-breakingnews","11":"tag-csdd","12":"tag-featured-news","13":"tag-featurednews","14":"tag-headlines","15":"tag-latest-news","16":"tag-latestnews","17":"tag-latvia","18":"tag-latvian","19":"tag-latviesu","20":"tag-latviesu-valoda","21":"tag-latviesuvaloda","22":"tag-latvija","23":"tag-lv","24":"tag-news","25":"tag-par-aktualo","26":"tag-popularakas-zinas","27":"tag-popularakaszinas","28":"tag-ptac","29":"tag-spried-ar-delfi","30":"tag-top-stories","31":"tag-topstories","32":"tag-zinas"},"share_on_mastodon":{"url":"","error":""},"_links":{"self":[{"href":"https:\/\/www.europesays.com\/lv\/wp-json\/wp\/v2\/posts\/13777","targetHints":{"allow":["GET"]}}],"collection":[{"href":"https:\/\/www.europesays.com\/lv\/wp-json\/wp\/v2\/posts"}],"about":[{"href":"https:\/\/www.europesays.com\/lv\/wp-json\/wp\/v2\/types\/post"}],"author":[{"embeddable":true,"href":"https:\/\/www.europesays.com\/lv\/wp-json\/wp\/v2\/users\/2"}],"replies":[{"embeddable":true,"href":"https:\/\/www.europesays.com\/lv\/wp-json\/wp\/v2\/comments?post=13777"}],"version-history":[{"count":0,"href":"https:\/\/www.europesays.com\/lv\/wp-json\/wp\/v2\/posts\/13777\/revisions"}],"wp:featuredmedia":[{"embeddable":true,"href":"https:\/\/www.europesays.com\/lv\/wp-json\/wp\/v2\/media\/13778"}],"wp:attachment":[{"href":"https:\/\/www.europesays.com\/lv\/wp-json\/wp\/v2\/media?parent=13777"}],"wp:term":[{"taxonomy":"category","embeddable":true,"href":"https:\/\/www.europesays.com\/lv\/wp-json\/wp\/v2\/categories?post=13777"},{"taxonomy":"post_tag","embeddable":true,"href":"https:\/\/www.europesays.com\/lv\/wp-json\/wp\/v2\/tags?post=13777"}],"curies":[{"name":"wp","href":"https:\/\/api.w.org\/{rel}","templated":true}]}}