{"id":13781,"date":"2025-10-06T08:26:07","date_gmt":"2025-10-06T08:26:07","guid":{"rendered":"https:\/\/www.europesays.com\/lv\/13781\/"},"modified":"2025-10-06T08:26:07","modified_gmt":"2025-10-06T08:26:07","slug":"bogdanovics-pastasta-par-traumu-kuru-guva-eiropas-cempionata-riga","status":"publish","type":"post","link":"https:\/\/www.europesays.com\/lv\/13781\/","title":{"rendered":"Bogdanovi\u010ds past\u0101sta par traumu, kuru guva Eiropas \u010dempion\u0101t\u0101 R\u012bg\u0101"},"content":{"rendered":"<p>Nacion\u0101l\u0101s basketbola asoci\u0101cijas (<a href=\"https:\/\/sports.tvnet.lv\/term\/10004\/nba\" class=\"topicLink\" target=\"_blank\" rel=\"nofollow noopener\">NBA<\/a>) kluba Losand\u017eelosas &#8220;Clippers&#8221; aizsargs atlabst no k\u0101jas aug\u0161stilba musku\u013ca traumas (&#8220;hamstring&#8221;).<\/p>\n<p>&#8220;Dom\u0101ju, ka viss izr\u0101d\u012bj\u0101s ne tik nopietni, k\u0101 s\u0101kum\u0101 \u0161\u0137ita. S\u0101kum\u0101 biju nobijies \u2013 k\u0101 jau tas m\u0113dz b\u016bt \u0161\u0101d\u0101s situ\u0101cij\u0101s. Kad ir da\u013c\u0113js c\u012bpslas pl\u012bsums, nekad nezini, cik tas paties\u012bb\u0101 ir nopietni. Atvese\u013co\u0161an\u0101s parasti ilgst no \u010detr\u0101m l\u012bdz se\u0161\u0101m ned\u0113\u013c\u0101m,&#8221; sarun\u0101 ar Zieme\u013camerikas medijiem pauda viens no Serbijas izlases l\u012bderiem.<\/p>\n<p>&#8220;Tagad jau ir pag\u0101ju\u0161as piecas ned\u0113\u013cas, un j\u016btos labi. Jau tren\u0113jos kop\u0101 ar komandu, lai gan sp\u0113les laiks man pagaid\u0101m ir ierobe\u017eots,&#8221; teica Bogdanovi\u010ds.<\/p>\n<p>Ja rehabilit\u0101cija turpin\u0101sies bez sare\u017e\u0123\u012bjumiem, vi\u0146\u0161, visticam\u0101k, var\u0113s s\u0101kt NBA sezonu jau no pirm\u0101s regul\u0101r\u0101 \u010dempion\u0101ta sp\u0113les.<\/p>\n<p>NBA \u010dempion\u0101tu &#8220;Clippers&#8221; komanda s\u0101ks 23. oktobr\u012b viesos pret J\u016btas &#8220;Jazz&#8221;.<\/p>\n","protected":false},"excerpt":{"rendered":"Nacion\u0101l\u0101s basketbola asoci\u0101cijas (NBA) kluba Losand\u017eelosas &#8220;Clippers&#8221; aizsargs atlabst no k\u0101jas aug\u0161stilba musku\u013ca traumas (&#8220;hamstring&#8221;). &#8220;Dom\u0101ju, ka viss&hellip;\n","protected":false},"author":2,"featured_media":13782,"comment_status":"","ping_status":"","sticky":false,"template":"","format":"standard","meta":{"footnotes":""},"categories":[17],"tags":[1015,744,4956,35,39,38,36,37,34,40,1258,67],"class_list":{"0":"post-13781","1":"post","2":"type-post","3":"status-publish","4":"format-standard","5":"has-post-thumbnail","7":"category-sports","8":"tag-eiropas-basketbola-cempionats","9":"tag-eurobasket-2025","10":"tag-jutas-jazz","11":"tag-latvia","12":"tag-latvian","13":"tag-latviesu","14":"tag-latviesu-valoda","15":"tag-latviesuvaloda","16":"tag-latvija","17":"tag-lv","18":"tag-nba","19":"tag-sports"},"share_on_mastodon":{"url":"","error":""},"_links":{"self":[{"href":"https:\/\/www.europesays.com\/lv\/wp-json\/wp\/v2\/posts\/13781","targetHints":{"allow":["GET"]}}],"collection":[{"href":"https:\/\/www.europesays.com\/lv\/wp-json\/wp\/v2\/posts"}],"about":[{"href":"https:\/\/www.europesays.com\/lv\/wp-json\/wp\/v2\/types\/post"}],"author":[{"embeddable":true,"href":"https:\/\/www.europesays.com\/lv\/wp-json\/wp\/v2\/users\/2"}],"replies":[{"embeddable":true,"href":"https:\/\/www.europesays.com\/lv\/wp-json\/wp\/v2\/comments?post=13781"}],"version-history":[{"count":0,"href":"https:\/\/www.europesays.com\/lv\/wp-json\/wp\/v2\/posts\/13781\/revisions"}],"wp:featuredmedia":[{"embeddable":true,"href":"https:\/\/www.europesays.com\/lv\/wp-json\/wp\/v2\/media\/13782"}],"wp:attachment":[{"href":"https:\/\/www.europesays.com\/lv\/wp-json\/wp\/v2\/media?parent=13781"}],"wp:term":[{"taxonomy":"category","embeddable":true,"href":"https:\/\/www.europesays.com\/lv\/wp-json\/wp\/v2\/categories?post=13781"},{"taxonomy":"post_tag","embeddable":true,"href":"https:\/\/www.europesays.com\/lv\/wp-json\/wp\/v2\/tags?post=13781"}],"curies":[{"name":"wp","href":"https:\/\/api.w.org\/{rel}","templated":true}]}}