{"id":13793,"date":"2025-10-06T08:35:07","date_gmt":"2025-10-06T08:35:07","guid":{"rendered":"https:\/\/www.europesays.com\/lv\/13793\/"},"modified":"2025-10-06T08:35:07","modified_gmt":"2025-10-06T08:35:07","slug":"foto-%e2%9f%a9-rigas-lidosta-nolaidusies-lidmasina-ar-ipasu-vestijumu","status":"publish","type":"post","link":"https:\/\/www.europesays.com\/lv\/13793\/","title":{"rendered":"FOTO \u27e9 R\u012bgas lidost\u0101 nolaidusies lidma\u0161\u012bna ar \u012bpa\u0161u v\u0113st\u012bjumu"},"content":{"rendered":"<p>R\u012bgas lidost\u0101 tiks sagaid\u012bta lidma\u0161\u012bna &#8220;B757&#8221;, kuras livreja papildin\u0101ta ar roz\u0101 lent\u012btes z\u012bmi &#8211; glob\u0101li pie\u0146emto simbolu c\u012b\u0146ai ar kr\u016bts v\u0113zi.<\/p>\n<p>Ar lidma\u0161\u012bnas sagaid\u012b\u0161anu eksprespasta pakalpojumu sniedz\u0113js SIA &#8220;DHL Express Latvia&#8221; un R\u012bgas lidosta pievienojas &#8220;DHL&#8221; starptautiskajai iniciat\u012bvai &#8220;As One Against Cancer&#8221;, kuras m\u0113r\u0137is ir veicin\u0101t izpratni par v\u0113\u017ea profilaksi, iedro\u0161in\u0101t agr\u012bnu diagnostiku un atbalst\u012bt tos, kurus sk\u0101rusi \u0161\u012b slim\u012bba.<\/p>\n<p>Lai piev\u0113rstu liel\u0101ku uzman\u012bbu v\u0113\u017ea profilaksei, &#8220;DHL&#8221; ir izveidojis speci\u0101lu lidma\u0161\u012bnu floti ar &#8220;As One Against Cancer&#8221;. Vienas no \u0161\u012bm lidma\u0161\u012bn\u0101m iera\u0161an\u0101s R\u012bg\u0101 ir simbolisks apliecin\u0101jums ap\u0146\u0113m\u012bbai atbalst\u012bt v\u0113\u017ea pacientus un veicin\u0101t vesel\u012bbas izgl\u012bt\u012bbu ar\u012b Latvij\u0101, atz\u012bm\u0113 lidost\u0101.<\/p>\n<p>Lidma\u0161\u012bnas sagaid\u012b\u0161an\u0101 piedal\u012bj\u0101s &#8220;DHL Express Latvia&#8221; r\u012bkot\u0101jdirektors Artis Dek\u0161enieks un operat\u012bv\u0101s noda\u013cas direktore Nata\u013cja Mihailova, labdar\u012bbas fonda &#8220;Roz\u0101 vilciens&#8221; dibin\u0101t\u0101ja Zinta Uskale un R\u012bgas lidostas darbinieki.<\/p>\n<p>Jau zi\u0146ots, ka &#8220;DHL Express Latvia&#8221; pag\u0101ju\u0161aj\u0101 gad\u0101 str\u0101d\u0101ja ar 27,424 miljonu eiro apgroz\u012bjumu, kas ir par 8,3% maz\u0101k nek\u0101 gadu iepriek\u0161, bet komp\u0101nijas pe\u013c\u0146a palielin\u0101j\u0101s par 19% &#8211; l\u012bdz 979 089 eiro.<\/p>\n<p>Uz\u0146\u0113mums re\u0123istr\u0113ts 2004.gad\u0101, un t\u0101 pamatkapit\u0101ls ir 102 000 eiro, liecina inform\u0101cija &#8220;Firmas.lv&#8221;. Komp\u0101nija pieder V\u0101cijas &#8220;Deutsche Post Beteiligungen Holding&#8221;.<\/p>\n<p>T\u0101pat v\u0113st\u012bts, ka R\u012bgas lidost\u0101 pag\u0101ju\u0161aj\u0101 gad\u0101 tika apkalpoti 7,12 miljoni pasa\u017eieru, kas bija par 7% vair\u0101k nek\u0101 2023.gad\u0101, ta\u010du par 8,7% maz\u0101k nek\u0101 2019.gad\u0101 jeb pirms Covid-19 laika.<\/p>\n<p>R\u012bgas lidosta ir liel\u0101kais aviosatiksmes mezgls Baltijas valst\u012bs.<\/p>\n","protected":false},"excerpt":{"rendered":"R\u012bgas lidost\u0101 tiks sagaid\u012bta lidma\u0161\u012bna &#8220;B757&#8221;, kuras livreja papildin\u0101ta ar roz\u0101 lent\u012btes z\u012bmi &#8211; glob\u0101li pie\u0146emto simbolu c\u012b\u0146ai&hellip;\n","protected":false},"author":2,"featured_media":13794,"comment_status":"","ping_status":"","sticky":false,"template":"","format":"standard","meta":{"footnotes":""},"categories":[12],"tags":[23,1807,1806,1805,28,29,32,33,22,3971,30,31,35,39,38,36,37,34,40,20,26,27,24,25,181,976,21],"class_list":{"0":"post-13793","1":"post","2":"type-post","3":"status-publish","4":"format-standard","5":"has-post-thumbnail","7":"category-latvija","8":"tag-aktualitates","9":"tag-avioindustrija","10":"tag-aviokompanijas","11":"tag-aviotransports","12":"tag-breaking-news","13":"tag-breakingnews","14":"tag-featured-news","15":"tag-featurednews","16":"tag-headlines","17":"tag-kruts-vezis","18":"tag-latest-news","19":"tag-latestnews","20":"tag-latvia","21":"tag-latvian","22":"tag-latviesu","23":"tag-latviesu-valoda","24":"tag-latviesuvaloda","25":"tag-latvija","26":"tag-lv","27":"tag-news","28":"tag-popularakas-zinas","29":"tag-popularakaszinas","30":"tag-top-stories","31":"tag-topstories","32":"tag-veseliba","33":"tag-vezis","34":"tag-zinas"},"share_on_mastodon":{"url":"","error":""},"_links":{"self":[{"href":"https:\/\/www.europesays.com\/lv\/wp-json\/wp\/v2\/posts\/13793","targetHints":{"allow":["GET"]}}],"collection":[{"href":"https:\/\/www.europesays.com\/lv\/wp-json\/wp\/v2\/posts"}],"about":[{"href":"https:\/\/www.europesays.com\/lv\/wp-json\/wp\/v2\/types\/post"}],"author":[{"embeddable":true,"href":"https:\/\/www.europesays.com\/lv\/wp-json\/wp\/v2\/users\/2"}],"replies":[{"embeddable":true,"href":"https:\/\/www.europesays.com\/lv\/wp-json\/wp\/v2\/comments?post=13793"}],"version-history":[{"count":0,"href":"https:\/\/www.europesays.com\/lv\/wp-json\/wp\/v2\/posts\/13793\/revisions"}],"wp:featuredmedia":[{"embeddable":true,"href":"https:\/\/www.europesays.com\/lv\/wp-json\/wp\/v2\/media\/13794"}],"wp:attachment":[{"href":"https:\/\/www.europesays.com\/lv\/wp-json\/wp\/v2\/media?parent=13793"}],"wp:term":[{"taxonomy":"category","embeddable":true,"href":"https:\/\/www.europesays.com\/lv\/wp-json\/wp\/v2\/categories?post=13793"},{"taxonomy":"post_tag","embeddable":true,"href":"https:\/\/www.europesays.com\/lv\/wp-json\/wp\/v2\/tags?post=13793"}],"curies":[{"name":"wp","href":"https:\/\/api.w.org\/{rel}","templated":true}]}}