{"id":13807,"date":"2025-10-06T08:44:15","date_gmt":"2025-10-06T08:44:15","guid":{"rendered":"https:\/\/www.europesays.com\/lv\/13807\/"},"modified":"2025-10-06T08:44:15","modified_gmt":"2025-10-06T08:44:15","slug":"kristopana-augsta-precizitate-lauj-melzungenei-uzsakt-pirmo-uzvaru-virkni-sezona-handbols-sportacentrs-com","status":"publish","type":"post","link":"https:\/\/www.europesays.com\/lv\/13807\/","title":{"rendered":"Kri\u0161top\u0101na augst\u0101 precizit\u0101te \u013cauj Melzungenei uzs\u0101kt pirmo uzvaru virkni sezon\u0101 \u2013 Handbols \u2013 Sportacentrs.com"},"content":{"rendered":"<p>Ludz\u0101nietis \u0161ovakar izmantoja septi\u0146us no asto\u0146iem metieniem, k\u0101 ar\u012b vien\u0101 uzbrukum\u0101 rezultat\u012bvi piesp\u0113l\u0113ja, izpeln\u012bj\u0101s divus divu min\u016b\u0161u sodus un divreiz pazaud\u0113ja bumbu.<\/p>\n<p>Kri\u0161top\u0101ns \u0161oruden ir savas vien\u012bbas ra\u017e\u012bg\u0101kais sp\u0113l\u0113t\u0101js, bumbu v\u0101rtos raidot 39 no 55 (70,9%) metieniem.<\/p>\n<p>Iepriek\u0161\u0113j\u0101 sezon\u0101 bronzu izc\u012bn\u012bjus\u012b Melzungene pa\u0161reiz\u0113jo Bundesl\u012bgas kampa\u0146u ies\u0101kusi ar septi\u0146\u0101s k\u0101rt\u0101s sakr\u0101tiem septi\u0146iem punktiem.<\/p>\n<p>Sp\u0101nijas meistarsac\u012bkst\u0113s Jevge\u0146ijs Rogonovs bija prec\u012bzs abos veiktajos metienos, bet jauni\u0146ais Andis Bors palika \u0101rpus &#8220;Villa de Aranda&#8221; pieteikuma 30:27 pan\u0101kum\u0101 p\u0101r Gvadalaharas &#8220;Quabit&#8221;.<\/p>\n<p>&#8220;Villa de Aranda&#8221; trij\u0101s c\u012b\u0146\u0101s \u010detri punkti.<\/p>\n<p>Sacens\u012bbu vietnes:<br \/><a target=\"_blank\" href=\"https:\/\/www.daikin-hbl.de\/en\/hbl\" rel=\"nofollow noopener\">https:\/\/www.daikin-hbl.de\/en\/hbl<\/a><br \/><a target=\"_blank\" href=\"https:\/\/asobal.es\/eng\/\" rel=\"nofollow noopener\">https:\/\/asobal.es\/eng\/<\/a><\/p>\n","protected":false},"excerpt":{"rendered":"Ludz\u0101nietis \u0161ovakar izmantoja septi\u0146us no asto\u0146iem metieniem, k\u0101 ar\u012b vien\u0101 uzbrukum\u0101 rezultat\u012bvi piesp\u0113l\u0113ja, izpeln\u012bj\u0101s divus divu min\u016b\u0161u sodus&hellip;\n","protected":false},"author":2,"featured_media":13808,"comment_status":"","ping_status":"","sticky":false,"template":"","format":"standard","meta":{"footnotes":""},"categories":[17],"tags":[1615,35,39,38,36,37,34,40,67],"class_list":{"0":"post-13807","1":"post","2":"type-post","3":"status-publish","4":"format-standard","5":"has-post-thumbnail","7":"category-sports","8":"tag-handbols","9":"tag-latvia","10":"tag-latvian","11":"tag-latviesu","12":"tag-latviesu-valoda","13":"tag-latviesuvaloda","14":"tag-latvija","15":"tag-lv","16":"tag-sports"},"share_on_mastodon":{"url":"","error":""},"_links":{"self":[{"href":"https:\/\/www.europesays.com\/lv\/wp-json\/wp\/v2\/posts\/13807","targetHints":{"allow":["GET"]}}],"collection":[{"href":"https:\/\/www.europesays.com\/lv\/wp-json\/wp\/v2\/posts"}],"about":[{"href":"https:\/\/www.europesays.com\/lv\/wp-json\/wp\/v2\/types\/post"}],"author":[{"embeddable":true,"href":"https:\/\/www.europesays.com\/lv\/wp-json\/wp\/v2\/users\/2"}],"replies":[{"embeddable":true,"href":"https:\/\/www.europesays.com\/lv\/wp-json\/wp\/v2\/comments?post=13807"}],"version-history":[{"count":0,"href":"https:\/\/www.europesays.com\/lv\/wp-json\/wp\/v2\/posts\/13807\/revisions"}],"wp:featuredmedia":[{"embeddable":true,"href":"https:\/\/www.europesays.com\/lv\/wp-json\/wp\/v2\/media\/13808"}],"wp:attachment":[{"href":"https:\/\/www.europesays.com\/lv\/wp-json\/wp\/v2\/media?parent=13807"}],"wp:term":[{"taxonomy":"category","embeddable":true,"href":"https:\/\/www.europesays.com\/lv\/wp-json\/wp\/v2\/categories?post=13807"},{"taxonomy":"post_tag","embeddable":true,"href":"https:\/\/www.europesays.com\/lv\/wp-json\/wp\/v2\/tags?post=13807"}],"curies":[{"name":"wp","href":"https:\/\/api.w.org\/{rel}","templated":true}]}}