{"id":13828,"date":"2025-10-06T09:02:07","date_gmt":"2025-10-06T09:02:07","guid":{"rendered":"https:\/\/www.europesays.com\/lv\/13828\/"},"modified":"2025-10-06T09:02:07","modified_gmt":"2025-10-06T09:02:07","slug":"dzeksons-lekoms-paraksta-vesturiski-lielako-ligumu-ducks-vesture-lente-lv","status":"publish","type":"post","link":"https:\/\/www.europesays.com\/lv\/13828\/","title":{"rendered":"D\u017eeksons Lekoms paraksta v\u0113sturiski liel\u0101ko l\u012bgumu &#8220;Ducks&#8221; v\u0113stur\u0113\u00a0\u2014\u00a0Lente.lv"},"content":{"rendered":"<p>Lekoma ilgtermi\u0146a saist\u012bbas ar &#8220;Ducks&#8221;<\/p>\n<p>Aizvad\u012btaj\u0101 ceturtdien\u0101, 2. oktobr\u012b, hokeja pasaule tika p\u0101rsteigta, kad 24 gadus vecais amerik\u0101\u0146u aizsargs D\u017eeksons Lekoms nosl\u0113dza asto\u0146u gadu l\u012bguma pagarin\u0101jumu ar Anaheimas &#8220;Ducks&#8221;. \u0160is v\u0113sturiskais dar\u012bjums ir ne tikai ilg\u0101kais Lekoma karjer\u0101, bet ar\u012b v\u0113rt\u012bg\u0101kais, padarot vi\u0146u par kluba visu laiku apmaks\u0101t\u0101ko sp\u0113l\u0113t\u0101ju. L\u012bguma kop\u0113j\u0101 summa sasniedz 72 miljonus dol\u0101ru, ar vid\u0113jo gada atalgojumu devi\u0146iem miljoniem dol\u0101ru, nodro\u0161inot Lekoma palik\u0161anu komand\u0101 l\u012bdz pat 2033.-2034. gada sezonai.<\/p>\n<p>Lekoma izaugsme un noz\u012bme komand\u0101<\/p>\n<p>Lekoms, kur\u0161 tika izv\u0113l\u0113ts 2019. gada NHL draft\u0101 ar 39. numuru, p\u0113d\u0113jo divu sezonu laik\u0101 ir demonstr\u0113jis iespaid\u012bgu progresu, k\u013c\u016bstot par vienu no komandas pamatsp\u0113l\u0113t\u0101jiem. Vi\u0146a sniegums iepriek\u0161\u0113j\u0101 2024.-2025. gada sezon\u0101 bija \u012bpa\u0161i izcils, g\u016bstot 43 punktus 75 sp\u0113l\u0113s un ierindojoties starp lab\u0101kajiem aizsargiem l\u012bg\u0101 g\u016bto v\u0101rtu skaita zi\u0146\u0101. Kluba \u0123ener\u0101lmened\u017eeris Pets B\u012brbeks paudis gandar\u012bjumu par Lekoma ap\u0146em\u0161anos palikt Anaheim\u0101, uzsverot vi\u0146a potenci\u0101lu k\u013c\u016bt par komandas mugurkaulu daudzus gadus uz priek\u0161u.<\/p>\n<p>Hokeja tirgus un l\u012bgumu tendences<\/p>\n<p>\u0160is v\u0113rien\u012bgais l\u012bgums ar Lekomu atspogu\u013co arvien pieaugo\u0161o tendenci NHL komand\u0101s nodro\u0161in\u0101t sev talant\u012bgus jaunos sp\u0113l\u0113t\u0101jus ar ilgtermi\u0146a l\u012bgumiem, pat pirms vi\u0146i sasniegu\u0161i ierobe\u017eoti br\u012bvo a\u0123entu statusu. Tas \u013cauj komand\u0101m stabiliz\u0113t sast\u0101vu un izvair\u012bties no sp\u0113l\u0113t\u0101ju tirgus sv\u0101rst\u012bb\u0101m. Lekoms ir pirm\u0101 no vair\u0101k\u0101m svar\u012bg\u0101m &#8220;Ducks&#8221; rind\u0101s eso\u0161aj\u0101m jaunaj\u0101m zvaigzn\u0113m, kur\u0101m dr\u012bzum\u0101 beigsies pa\u0161reiz\u0113jie l\u012bgumi, padarot vi\u0146u par sava veida pirmo &#8220;domino&#8221;, kas kritusi \u0161aj\u0101 saspringtaj\u0101 l\u012bgumu p\u0101rrunu period\u0101.<\/p>\n","protected":false},"excerpt":{"rendered":"Lekoma ilgtermi\u0146a saist\u012bbas ar &#8220;Ducks&#8221; Aizvad\u012btaj\u0101 ceturtdien\u0101, 2. oktobr\u012b, hokeja pasaule tika p\u0101rsteigta, kad 24 gadus vecais amerik\u0101\u0146u&hellip;\n","protected":false},"author":2,"featured_media":13829,"comment_status":"","ping_status":"","sticky":false,"template":"","format":"standard","meta":{"footnotes":""},"categories":[17],"tags":[4961,4960,4962,35,39,38,36,37,34,40,4812,67,4963],"class_list":{"0":"post-13828","1":"post","2":"type-post","3":"status-publish","4":"format-standard","5":"has-post-thumbnail","7":"category-sports","8":"tag-anaheimas-ducks","9":"tag-dzeksons-lekoms","10":"tag-hokeja-transferi","11":"tag-latvia","12":"tag-latvian","13":"tag-latviesu","14":"tag-latviesu-valoda","15":"tag-latviesuvaloda","16":"tag-latvija","17":"tag-lv","18":"tag-nhl-ligums","19":"tag-sports","20":"tag-vesturisks-ligums"},"share_on_mastodon":{"url":"","error":""},"_links":{"self":[{"href":"https:\/\/www.europesays.com\/lv\/wp-json\/wp\/v2\/posts\/13828","targetHints":{"allow":["GET"]}}],"collection":[{"href":"https:\/\/www.europesays.com\/lv\/wp-json\/wp\/v2\/posts"}],"about":[{"href":"https:\/\/www.europesays.com\/lv\/wp-json\/wp\/v2\/types\/post"}],"author":[{"embeddable":true,"href":"https:\/\/www.europesays.com\/lv\/wp-json\/wp\/v2\/users\/2"}],"replies":[{"embeddable":true,"href":"https:\/\/www.europesays.com\/lv\/wp-json\/wp\/v2\/comments?post=13828"}],"version-history":[{"count":0,"href":"https:\/\/www.europesays.com\/lv\/wp-json\/wp\/v2\/posts\/13828\/revisions"}],"wp:featuredmedia":[{"embeddable":true,"href":"https:\/\/www.europesays.com\/lv\/wp-json\/wp\/v2\/media\/13829"}],"wp:attachment":[{"href":"https:\/\/www.europesays.com\/lv\/wp-json\/wp\/v2\/media?parent=13828"}],"wp:term":[{"taxonomy":"category","embeddable":true,"href":"https:\/\/www.europesays.com\/lv\/wp-json\/wp\/v2\/categories?post=13828"},{"taxonomy":"post_tag","embeddable":true,"href":"https:\/\/www.europesays.com\/lv\/wp-json\/wp\/v2\/tags?post=13828"}],"curies":[{"name":"wp","href":"https:\/\/api.w.org\/{rel}","templated":true}]}}