{"id":13834,"date":"2025-10-06T09:11:14","date_gmt":"2025-10-06T09:11:14","guid":{"rendered":"https:\/\/www.europesays.com\/lv\/13834\/"},"modified":"2025-10-06T09:11:14","modified_gmt":"2025-10-06T09:11:14","slug":"vienam-cilvekam-pat-10-darbi-vid-pirmo-reizi-publice-datus-cik-darba-nemeju-strada-vairakas-darba-vietas","status":"publish","type":"post","link":"https:\/\/www.europesays.com\/lv\/13834\/","title":{"rendered":"Vienam cilv\u0113kam \u2013 pat 10 darbi. VID pirmo reizi public\u0113 datus, cik darba \u0146\u0113m\u0113ju str\u0101d\u0101 vair\u0101k\u0101s darba viet\u0101s"},"content":{"rendered":"<p>VID datus, cik darba \u0146\u0113m\u0113ju str\u0101d\u0101 vair\u0101k\u0101s darba viet\u0101s, publiski ir public\u0113jis pirmo reizi, jo par tiem ir bijusi interese no studentiem, atsevi\u0161\u0137u nozaru p\u0101rst\u0101vjiem, atkl\u0101j VID darbiniece Ilze Kuci\u0146a.<\/p>\n<p>VID akcent\u0113, ka dati nep\u0101rkl\u0101jas. Ja fiziskai personai ir tr\u012bs darba vietas, tad \u0161is nodarbin\u0101tais ieskait\u012bts tur, kur ir tr\u012bs darba vietas. Ja vair\u0101k nek\u0101 tr\u012bs darbavietas, tad cit\u0101 ail\u012bt\u0113.<\/p>\n","protected":false},"excerpt":{"rendered":"VID datus, cik darba \u0146\u0113m\u0113ju str\u0101d\u0101 vair\u0101k\u0101s darba viet\u0101s, publiski ir public\u0113jis pirmo reizi, jo par tiem ir&hellip;\n","protected":false},"author":2,"featured_media":13835,"comment_status":"","ping_status":"","sticky":false,"template":"","format":"standard","meta":{"footnotes":""},"categories":[12],"tags":[23,28,29,4603,32,33,22,30,31,35,39,38,36,37,34,40,20,4966,26,27,24,25,3149,21],"class_list":{"0":"post-13834","1":"post","2":"type-post","3":"status-publish","4":"format-standard","5":"has-post-thumbnail","7":"category-latvija","8":"tag-aktualitates","9":"tag-breaking-news","10":"tag-breakingnews","11":"tag-darba-tirgus","12":"tag-featured-news","13":"tag-featurednews","14":"tag-headlines","15":"tag-latest-news","16":"tag-latestnews","17":"tag-latvia","18":"tag-latvian","19":"tag-latviesu","20":"tag-latviesu-valoda","21":"tag-latviesuvaloda","22":"tag-latvija","23":"tag-lv","24":"tag-news","25":"tag-nodarbinatiba","26":"tag-popularakas-zinas","27":"tag-popularakaszinas","28":"tag-top-stories","29":"tag-topstories","30":"tag-tvnet-bizness","31":"tag-zinas"},"share_on_mastodon":{"url":"","error":""},"_links":{"self":[{"href":"https:\/\/www.europesays.com\/lv\/wp-json\/wp\/v2\/posts\/13834","targetHints":{"allow":["GET"]}}],"collection":[{"href":"https:\/\/www.europesays.com\/lv\/wp-json\/wp\/v2\/posts"}],"about":[{"href":"https:\/\/www.europesays.com\/lv\/wp-json\/wp\/v2\/types\/post"}],"author":[{"embeddable":true,"href":"https:\/\/www.europesays.com\/lv\/wp-json\/wp\/v2\/users\/2"}],"replies":[{"embeddable":true,"href":"https:\/\/www.europesays.com\/lv\/wp-json\/wp\/v2\/comments?post=13834"}],"version-history":[{"count":0,"href":"https:\/\/www.europesays.com\/lv\/wp-json\/wp\/v2\/posts\/13834\/revisions"}],"wp:featuredmedia":[{"embeddable":true,"href":"https:\/\/www.europesays.com\/lv\/wp-json\/wp\/v2\/media\/13835"}],"wp:attachment":[{"href":"https:\/\/www.europesays.com\/lv\/wp-json\/wp\/v2\/media?parent=13834"}],"wp:term":[{"taxonomy":"category","embeddable":true,"href":"https:\/\/www.europesays.com\/lv\/wp-json\/wp\/v2\/categories?post=13834"},{"taxonomy":"post_tag","embeddable":true,"href":"https:\/\/www.europesays.com\/lv\/wp-json\/wp\/v2\/tags?post=13834"}],"curies":[{"name":"wp","href":"https:\/\/api.w.org\/{rel}","templated":true}]}}