{"id":13836,"date":"2025-10-06T09:12:07","date_gmt":"2025-10-06T09:12:07","guid":{"rendered":"https:\/\/www.europesays.com\/lv\/13836\/"},"modified":"2025-10-06T09:12:07","modified_gmt":"2025-10-06T09:12:07","slug":"politiskais-soks-francija-pec-nepilna-menesa-amata-demisione-premjers-lekroni","status":"publish","type":"post","link":"https:\/\/www.europesays.com\/lv\/13836\/","title":{"rendered":"Politiskais \u0161oks Francij\u0101 \u2013 p\u0113c nepilna m\u0113ne\u0161a amat\u0101 demision\u0113 premjers Lekron\u012b"},"content":{"rendered":"<p>\u0160is \u0161ok\u0113jo\u0161ais l\u0113mums tika publiskots p\u0113c Lekron\u012b tik\u0161an\u0101s pirmdienas r\u012bt\u0101 ar Francijas prezidentu Emanuelu Makronu.<\/p>\n<p>Francijas politik\u0101 nov\u0113rojama kr\u012bze kop\u0161 p\u0113rn\u0101 gada vasaras, kad pirmstermi\u0146a parlamenta v\u0113l\u0113\u0161anas noveda pie vald\u012bbas kri\u0161anas. Biju\u0161ais bru\u0146oto sp\u0113ku ministrs Lekronu ir bijis piektais Francijas premjers divu gadu laik\u0101.<\/p>\n<p>\u0160\u012b politisk\u0101 nestabilit\u0101te novedusi pie t\u0101, ka ir \u0101rk\u0101rt\u012bgi sare\u017e\u0123\u012bti g\u016bt atbalstu jebk\u0101du likumprojektu pie\u0146em\u0161anai, k\u0101 ar\u012b valsts bud\u017eeta pie\u0146em\u0161anai.<\/p>\n<p class=\"tv3-fw-500\">Zi\u0146o par k\u013c\u016bdu rakst\u0101<\/p>\n<p class=\"d-md-block d-none\">Iez\u012bm\u0113 k\u013c\u016bdaino tekstu un spied Ctrl+Enter.<\/p>\n<p class=\"d-md-none d-block\">Iez\u012bm\u0113 k\u013c\u016bdaino tekstu un zi\u0146o par to!<\/p>\n","protected":false},"excerpt":{"rendered":"\u0160is \u0161ok\u0113jo\u0161ais l\u0113mums tika publiskots p\u0113c Lekron\u012b tik\u0161an\u0101s pirmdienas r\u012bt\u0101 ar Francijas prezidentu Emanuelu Makronu. Francijas politik\u0101 nov\u0113rojama&hellip;\n","protected":false},"author":2,"featured_media":13837,"comment_status":"","ping_status":"","sticky":false,"template":"","format":"standard","meta":{"footnotes":""},"categories":[5],"tags":[23,28,29,32,33,1309,22,30,31,35,39,38,36,37,34,40,20,26,27,24,25,21],"class_list":{"0":"post-13836","1":"post","2":"type-post","3":"status-publish","4":"format-standard","5":"has-post-thumbnail","7":"category-aktualitates","8":"tag-aktualitates","9":"tag-breaking-news","10":"tag-breakingnews","11":"tag-featured-news","12":"tag-featurednews","13":"tag-francija","14":"tag-headlines","15":"tag-latest-news","16":"tag-latestnews","17":"tag-latvia","18":"tag-latvian","19":"tag-latviesu","20":"tag-latviesu-valoda","21":"tag-latviesuvaloda","22":"tag-latvija","23":"tag-lv","24":"tag-news","25":"tag-popularakas-zinas","26":"tag-popularakaszinas","27":"tag-top-stories","28":"tag-topstories","29":"tag-zinas"},"share_on_mastodon":{"url":"","error":""},"_links":{"self":[{"href":"https:\/\/www.europesays.com\/lv\/wp-json\/wp\/v2\/posts\/13836","targetHints":{"allow":["GET"]}}],"collection":[{"href":"https:\/\/www.europesays.com\/lv\/wp-json\/wp\/v2\/posts"}],"about":[{"href":"https:\/\/www.europesays.com\/lv\/wp-json\/wp\/v2\/types\/post"}],"author":[{"embeddable":true,"href":"https:\/\/www.europesays.com\/lv\/wp-json\/wp\/v2\/users\/2"}],"replies":[{"embeddable":true,"href":"https:\/\/www.europesays.com\/lv\/wp-json\/wp\/v2\/comments?post=13836"}],"version-history":[{"count":0,"href":"https:\/\/www.europesays.com\/lv\/wp-json\/wp\/v2\/posts\/13836\/revisions"}],"wp:featuredmedia":[{"embeddable":true,"href":"https:\/\/www.europesays.com\/lv\/wp-json\/wp\/v2\/media\/13837"}],"wp:attachment":[{"href":"https:\/\/www.europesays.com\/lv\/wp-json\/wp\/v2\/media?parent=13836"}],"wp:term":[{"taxonomy":"category","embeddable":true,"href":"https:\/\/www.europesays.com\/lv\/wp-json\/wp\/v2\/categories?post=13836"},{"taxonomy":"post_tag","embeddable":true,"href":"https:\/\/www.europesays.com\/lv\/wp-json\/wp\/v2\/tags?post=13836"}],"curies":[{"name":"wp","href":"https:\/\/api.w.org\/{rel}","templated":true}]}}