{"id":13840,"date":"2025-10-06T09:18:07","date_gmt":"2025-10-06T09:18:07","guid":{"rendered":"https:\/\/www.europesays.com\/lv\/13840\/"},"modified":"2025-10-06T09:18:07","modified_gmt":"2025-10-06T09:18:07","slug":"piltene-negadijuma-gajis-boja-kvadricikla-vaditajs","status":"publish","type":"post","link":"https:\/\/www.europesays.com\/lv\/13840\/","title":{"rendered":"Pilten\u0113 negad\u012bjum\u0101 g\u0101jis boj\u0101 kvadricikla vad\u012bt\u0101js"},"content":{"rendered":"<p>Let\u0101ls negad\u012bjums noticis Kurzem\u0113. Vakar ap plkst.8.40 Valsts policij\u0101 sa\u0146emta inform\u0101cija, ka Ventspils novada Piltenes pagast\u0101, blakus autoce\u013cam Venspils-Piltene, p\u013cav\u0101 nenoskaidrotos apst\u0101k\u013cos apg\u0101zies kvadricikls, k\u0101 rezult\u0101t\u0101 g\u0101jis boj\u0101 kvadricikla vad\u012bt\u0101js. Valsts policij\u0101 par notiku\u0161o ir s\u0101kts krimin\u0101lprocess.<\/p>\n<p>Kopum\u0101 valst\u012b re\u0123istr\u0113ti 74 ce\u013cu satiksmes negad\u012bjumi, no kuriem septi\u0146os da\u017e\u0101das traumas guvu\u0161i asto\u0146i cilv\u0113ki. Starp cietu\u0161ajiem ir ar\u012b viens g\u0101j\u0113js, kur\u0161 guvis traumas R\u012bgas re\u0123ion\u0101.<\/p>\n<p>Aizvad\u012btaj\u0101 diennakt\u012b tr\u012bs transportl\u012bdzek\u013cu vad\u012bt\u0101ji pie\u0137erti alkohola reibum\u0101 &#8211; viens Zemgales re\u0123ion\u0101 un divi Kurzemes re\u0123ion\u0101. Visos gad\u012bjumos vad\u012bt\u0101jiem piem\u0113rota administrat\u012bv\u0101 atbild\u012bba.<\/p>\n<p>Aizvad\u012btaj\u0101 dien\u0101 kopum\u0101 par da\u017e\u0101diem ce\u013cu satiksmes noteikumu p\u0101rk\u0101pumiem re\u0123istr\u0113ti 497 administrat\u012bvie p\u0101rk\u0101pumi. No tiem 240 gad\u012bjumos \u0161oferi sa\u0146\u0113mu\u0161i sodu par at\u013caut\u0101 brauk\u0161anas \u0101truma p\u0101rsnieg\u0161anu.<\/p>\n","protected":false},"excerpt":{"rendered":"Let\u0101ls negad\u012bjums noticis Kurzem\u0113. Vakar ap plkst.8.40 Valsts policij\u0101 sa\u0146emta inform\u0101cija, ka Ventspils novada Piltenes pagast\u0101, blakus autoce\u013cam&hellip;\n","protected":false},"author":2,"featured_media":9560,"comment_status":"","ping_status":"","sticky":false,"template":"","format":"standard","meta":{"footnotes":""},"categories":[5],"tags":[23,28,29,32,33,22,4967,30,31,35,39,38,36,37,34,40,20,26,27,24,25,138,21],"class_list":{"0":"post-13840","1":"post","2":"type-post","3":"status-publish","4":"format-standard","5":"has-post-thumbnail","7":"category-aktualitates","8":"tag-aktualitates","9":"tag-breaking-news","10":"tag-breakingnews","11":"tag-featured-news","12":"tag-featurednews","13":"tag-headlines","14":"tag-kvadracikls","15":"tag-latest-news","16":"tag-latestnews","17":"tag-latvia","18":"tag-latvian","19":"tag-latviesu","20":"tag-latviesu-valoda","21":"tag-latviesuvaloda","22":"tag-latvija","23":"tag-lv","24":"tag-news","25":"tag-popularakas-zinas","26":"tag-popularakaszinas","27":"tag-top-stories","28":"tag-topstories","29":"tag-valsts-policija","30":"tag-zinas"},"share_on_mastodon":{"url":"","error":""},"_links":{"self":[{"href":"https:\/\/www.europesays.com\/lv\/wp-json\/wp\/v2\/posts\/13840","targetHints":{"allow":["GET"]}}],"collection":[{"href":"https:\/\/www.europesays.com\/lv\/wp-json\/wp\/v2\/posts"}],"about":[{"href":"https:\/\/www.europesays.com\/lv\/wp-json\/wp\/v2\/types\/post"}],"author":[{"embeddable":true,"href":"https:\/\/www.europesays.com\/lv\/wp-json\/wp\/v2\/users\/2"}],"replies":[{"embeddable":true,"href":"https:\/\/www.europesays.com\/lv\/wp-json\/wp\/v2\/comments?post=13840"}],"version-history":[{"count":0,"href":"https:\/\/www.europesays.com\/lv\/wp-json\/wp\/v2\/posts\/13840\/revisions"}],"wp:featuredmedia":[{"embeddable":true,"href":"https:\/\/www.europesays.com\/lv\/wp-json\/wp\/v2\/media\/9560"}],"wp:attachment":[{"href":"https:\/\/www.europesays.com\/lv\/wp-json\/wp\/v2\/media?parent=13840"}],"wp:term":[{"taxonomy":"category","embeddable":true,"href":"https:\/\/www.europesays.com\/lv\/wp-json\/wp\/v2\/categories?post=13840"},{"taxonomy":"post_tag","embeddable":true,"href":"https:\/\/www.europesays.com\/lv\/wp-json\/wp\/v2\/tags?post=13840"}],"curies":[{"name":"wp","href":"https:\/\/api.w.org\/{rel}","templated":true}]}}