{"id":13859,"date":"2025-10-06T09:49:07","date_gmt":"2025-10-06T09:49:07","guid":{"rendered":"https:\/\/www.europesays.com\/lv\/13859\/"},"modified":"2025-10-06T09:49:07","modified_gmt":"2025-10-06T09:49:07","slug":"legendara-dziedataja-torija-eimosa-aprili-un-maija-uzstasies-eiropa-28-maija-koncertes-riga-lente-lv","status":"publish","type":"post","link":"https:\/\/www.europesays.com\/lv\/13859\/","title":{"rendered":"Le\u0123end\u0101r\u0101 dzied\u0101t\u0101ja Torija Eimosa apr\u012bl\u012b un maij\u0101 uzst\u0101sies Eirop\u0101, 28. maij\u0101 koncert\u0113s R\u012bg\u0101\u00a0\u2014\u00a0Lente.lv"},"content":{"rendered":"<p>Le\u0123end\u0101r\u0101 Torija Eimosa atgrie\u017eas uz skatuves ar jaunu albumu un Eiropas turneju, iek\u013caujot R\u012bgu<\/p>\n<p>Pasaule gatavojas sagaid\u012bt vienu no savas paaudzes talant\u012bg\u0101kaj\u0101m un ietekm\u012bg\u0101kaj\u0101m m\u016bzi\u0137\u0113m \u2013 Toriju Eimosu. Amerik\u0101\u0146u dzied\u0101t\u0101ja, dziesmu autore un pianiste, kas paz\u012bstama ar savu unik\u0101lo balsi, drosm\u012bgajiem tekstiem un virtuozo klaviersp\u0113li, ir izzi\u0146ojusi jaunu albumu \u201cIn Times of Dragons\u201d un grandiozu Eiropas koncertturneju, kas iek\u013cauj ar\u012b R\u012bgu. Koncerts Latvijas galvaspils\u0113t\u0101 notiks 2026. gada 28. maij\u0101 \u201cXiaomi\u201d ar\u0113nas amfite\u0101tr\u012b.<\/p>\n<p>M\u016bzikas ikonas atgrie\u0161an\u0101s<\/p>\n<p>Torija Eimosa, kura savu karjeru s\u0101ka jau 20. gadsimta devi\u0146desmitajos gados, ir k\u013cuvusi par neaizst\u0101jamu fig\u016bru alternat\u012bv\u0101s m\u016bzikas ain\u0101. Vi\u0146as dai\u013crade, kas bie\u017ei vien skar t\u0101dus sare\u017e\u0123\u012btus tematus k\u0101 seksualit\u0101te, feminisms, politika un reli\u0123ija, ir iedvesmojusi neskait\u0101mus m\u0101ksliniekus un iekarojusi miljoniem klaus\u012bt\u0101ju sirdis vis\u0101 pasaul\u0113. Eimosa ir sa\u0146\u0113musi asto\u0146as Grammy balvu nomin\u0101cijas un ir iek\u013cauta Zieme\u013ckarol\u012bnas m\u016bzikas slavas z\u0101l\u0113. Vi\u0146as sp\u0113ja apvienot person\u012bgo ar politisko un rad\u012bt dziesmas, kas rezon\u0113 ar m\u016bsdienu pasaules izaicin\u0101jumiem, ir padar\u012bjusi vi\u0146u par neaizst\u0101jamu ikonu. Jaunais albums \u201cIn Times of Dragons\u201d, kas gaid\u0101ms 2026. gada pavasar\u012b, sol\u0101s turpin\u0101t \u0161o trad\u012bciju, pied\u0101v\u0101jot klaus\u012bt\u0101jiem ce\u013cojumu cauri notur\u012bbai un atmodai, kur br\u012bv\u012bbas alkas sastopas ar sp\u0113kiem, kas tiecas p\u0113c kontroles. Eimosa pati albumu raksturo k\u0101 metaforisku st\u0101stu par demokr\u0101tijas c\u012b\u0146u pret tiraniju.<\/p>\n<p>Pasaules l\u012bme\u0146a turneja ar pieturu R\u012bg\u0101<\/p>\n<p>Eiropas turneja \u201cIn Times of Dragons\u201d ir Torijas Eimosa liel\u0101k\u0101 Eiropas turneja p\u0113d\u0113j\u0101s desmitgades laik\u0101, aptverot 17 valstis. Koncerti notiks apr\u012bl\u012b un maij\u0101, un viens no gaid\u012bt\u0101kajiem notikumiem b\u016bs uzst\u0101\u0161an\u0101s R\u012bg\u0101, \u201cXiaomi\u201d ar\u0113n\u0101, 2026. gada 28. maij\u0101. \u0160\u012b b\u016bs unik\u0101la iesp\u0113ja Latvijas publikai kl\u0101tien\u0113 izbaud\u012bt m\u0101kslinieces neaizmirstamo balsi un talant\u012bgo klaviersp\u0113li. Koncert\u0101 skan\u0113s dziesmas no jaun\u0101 albuma, k\u0101 ar\u012b klaus\u012bt\u0101ju iem\u012b\u013cot\u0101kie hiti no Torijas Eimosa daudzveid\u012bg\u0101s tr\u012bsdesmit piecus gadus ilg\u0101s karjeras. Uz skatuves Eimosai pievienosies vi\u0146as ilggad\u0113jie sadarb\u012bbas partneri \u2013 \u0123it\u0101rists un basists D\u017eons Evanss, bundzinieks E\u0161s Soans, k\u0101 ar\u012b kordzied\u0101t\u0101ji Livs Gibsons, Deni Hlavlinka un Heidlija Kenarija.<\/p>\n<p>Torijas Eimosa \u2013 m\u016bzikas fenomens<\/p>\n<p>Torija Eimosa, \u012bstaj\u0101 v\u0101rd\u0101 Ma\u012bra Elena Eimosa, ir dzimusi 1963. gad\u0101 Zieme\u013ckarol\u012bn\u0101. Jau no b\u0113rn\u012bbas vi\u0146a izr\u0101d\u012bja iev\u0113rojamu talantu klaviersp\u0113l\u0113, k\u0101 rezult\u0101t\u0101 ieguva pilnu stipendiju presti\u017eaj\u0101 P\u012bbod\u012b M\u016bzikas instit\u016bt\u0101, k\u013c\u016bstot par jaun\u0101ko studentu t\u0101 v\u0113stur\u0113. Lai gan vi\u0146as s\u0101kotn\u0113j\u0101s amb\u012bcijas bija saist\u012btas ar klasisko m\u016bziku, Eimosa dr\u012bz vien atkl\u0101ja savu aizrau\u0161anos ar rokm\u016bziku un s\u0101ka eksperiment\u0113t ar savu unik\u0101lo ska\u0146u. P\u0113c ne p\u0101r\u0101k veiksm\u012bg\u0101 debijas albuma ar grupu \u201cY Kant Tori Read\u201d, vi\u0146a uzs\u0101ka solo karjeru, ar albumu \u201cLittle Earthquakes\u201d 1992. gad\u0101 g\u016bstot pla\u0161u atzin\u012bbu un pan\u0101kumus. Kop\u0161 t\u0101 laika Eimosa ir izdevusi vair\u0101k nek\u0101 desmit studijas albumus, katrs no tiem ir apliecin\u0101jums vi\u0146as rado\u0161ajai izaugsmei un sp\u0113jai nep\u0101rtraukti att\u012bst\u012bties. Vi\u0146as m\u016bzika ir eklektiska, apvienojot popa, roka, d\u017eeza un pat elektronisk\u0101s m\u016bzikas elementus, vienm\u0113r saglab\u0101jot savu atpaz\u012bstamo, emocion\u0101li pies\u0101tin\u0101to stilu. Eimosa ir slavena ar sav\u0101m dz\u012bvaj\u0101m uzst\u0101\u0161an\u0101s reiz\u0113m, kur\u0101s vi\u0146a bie\u017ei maina dziesmu sarakstus, nodro\u0161inot katram koncertam unik\u0101lu pieredzi. Vi\u0146a ir ar\u012b zin\u0101ma k\u0101 akt\u012bviste un feministe, bie\u017ei vien sav\u0101s dziesm\u0101s piev\u0113r\u0161oties soci\u0101li un politiski noz\u012bm\u012bgiem jaut\u0101jumiem. Vi\u0146as dai\u013crade ir atst\u0101jusi dzi\u013cu iespaidu uz daudziem m\u016bsdienu m\u0101ksliniekiem, kuri iedvesmoju\u0161ies no vi\u0146as drosmes un ori\u0123inalit\u0101tes. <\/p>\n<p>Bi\u013cetes un inform\u0101cija<\/p>\n<p>Bi\u013cetes uz Torijas Eimosa koncertu R\u012bg\u0101 b\u016bs pieejamas tirdzniec\u012bb\u0101 no 2025. gada 10. oktobra. Detaliz\u0113t\u0101ka inform\u0101cija par bi\u013ce\u0161u cen\u0101m un ieg\u0101des iesp\u0113j\u0101m tiks izzi\u0146ota tuv\u0101kaj\u0101 laik\u0101.<\/p>\n","protected":false},"excerpt":{"rendered":"Le\u0123end\u0101r\u0101 Torija Eimosa atgrie\u017eas uz skatuves ar jaunu albumu un Eiropas turneju, iek\u013caujot R\u012bgu Pasaule gatavojas sagaid\u012bt vienu&hellip;\n","protected":false},"author":2,"featured_media":13860,"comment_status":"","ping_status":"","sticky":false,"template":"","format":"standard","meta":{"footnotes":""},"categories":[19],"tags":[2045,4972,89,4971,90,656,35,39,38,36,37,34,40,103,4970,4969],"class_list":{"0":"post-13859","1":"post","2":"type-post","3":"status-publish","4":"format-standard","5":"has-post-thumbnail","7":"category-izklaide","8":"tag-alternativa-muzika","9":"tag-eiropas-turneja","10":"tag-entertainment","11":"tag-in-times-of-dragons","12":"tag-izklaide","13":"tag-koncerts-riga","14":"tag-latvia","15":"tag-latvian","16":"tag-latviesu","17":"tag-latviesu-valoda","18":"tag-latviesuvaloda","19":"tag-latvija","20":"tag-lv","21":"tag-muzika","22":"tag-tori-amos","23":"tag-torija-eimosa"},"share_on_mastodon":{"url":"","error":""},"_links":{"self":[{"href":"https:\/\/www.europesays.com\/lv\/wp-json\/wp\/v2\/posts\/13859","targetHints":{"allow":["GET"]}}],"collection":[{"href":"https:\/\/www.europesays.com\/lv\/wp-json\/wp\/v2\/posts"}],"about":[{"href":"https:\/\/www.europesays.com\/lv\/wp-json\/wp\/v2\/types\/post"}],"author":[{"embeddable":true,"href":"https:\/\/www.europesays.com\/lv\/wp-json\/wp\/v2\/users\/2"}],"replies":[{"embeddable":true,"href":"https:\/\/www.europesays.com\/lv\/wp-json\/wp\/v2\/comments?post=13859"}],"version-history":[{"count":0,"href":"https:\/\/www.europesays.com\/lv\/wp-json\/wp\/v2\/posts\/13859\/revisions"}],"wp:featuredmedia":[{"embeddable":true,"href":"https:\/\/www.europesays.com\/lv\/wp-json\/wp\/v2\/media\/13860"}],"wp:attachment":[{"href":"https:\/\/www.europesays.com\/lv\/wp-json\/wp\/v2\/media?parent=13859"}],"wp:term":[{"taxonomy":"category","embeddable":true,"href":"https:\/\/www.europesays.com\/lv\/wp-json\/wp\/v2\/categories?post=13859"},{"taxonomy":"post_tag","embeddable":true,"href":"https:\/\/www.europesays.com\/lv\/wp-json\/wp\/v2\/tags?post=13859"}],"curies":[{"name":"wp","href":"https:\/\/api.w.org\/{rel}","templated":true}]}}