{"id":13877,"date":"2025-10-06T10:03:06","date_gmt":"2025-10-06T10:03:06","guid":{"rendered":"https:\/\/www.europesays.com\/lv\/13877\/"},"modified":"2025-10-06T10:03:06","modified_gmt":"2025-10-06T10:03:06","slug":"astonas-opec-valstis-palielinas-naftas-ieguvi-dienas-bizness","status":"publish","type":"post","link":"https:\/\/www.europesays.com\/lv\/13877\/","title":{"rendered":"Asto\u0146as OPEC+ valstis palielin\u0101s naftas ieguvi :: Dienas Bizness"},"content":{"rendered":"<p class=\"text-font font-size--text-xlarge margin-3--bottom font-weight--bold padding-1--top\">Asto\u0146as naftas ieguv\u0113jvalstu alianses OPEC+ dal\u012bbnieces sv\u0113tdien pazi\u0146oja, ka ir vienoju\u0161\u0101s turpin\u0101t palielin\u0101t naftas ieguvi.<\/p>\n<p class=\"text-font font-size--text-xlarge margin-3--bottom\">Al\u017e\u012brijas, Apvienoto Ar\u0101bu Emir\u0101tu, Ir\u0101kas, Kazahst\u0101nas, Krievijas, Kuveitas, Om\u0101nas un Sa\u016bda Ar\u0101bijas par naftas ieguvi atbild\u012bgie ministri tie\u0161saistes san\u0101ksm\u0113 nol\u0113ma no n\u0101kam\u0101 m\u0113ne\u0161a palielin\u0101t ieguvi par 137 000 barelu dien\u0101.<\/p>\n<p class=\"text-font font-size--text-xlarge margin-3--bottom\">\u0160\u012bs valstis, kas kop\u0101 paz\u012bstamas k\u0101 V8, cen\u0161oties ieg\u016bt liel\u0101ku tirgus da\u013cu, p\u0113d\u0113jos m\u0113ne\u0161os jau palielin\u0101ju\u0161as ieguvi par kopum\u0101 2,5 miljoniem barelu dien\u0101.<\/p>\n","protected":false},"excerpt":{"rendered":"Asto\u0146as naftas ieguv\u0113jvalstu alianses OPEC+ dal\u012bbnieces sv\u0113tdien pazi\u0146oja, ka ir vienoju\u0161\u0101s turpin\u0101t palielin\u0101t naftas ieguvi. Al\u017e\u012brijas, Apvienoto Ar\u0101bu&hellip;\n","protected":false},"author":2,"featured_media":13878,"comment_status":"","ping_status":"","sticky":false,"template":"","format":"standard","meta":{"footnotes":""},"categories":[16],"tags":[869,77,870,76,867,35,39,38,36,37,34,871,868,40,21],"class_list":{"0":"post-13877","1":"post","2":"type-post","3":"status-publish","4":"format-standard","5":"has-post-thumbnail","7":"category-bizness","8":"tag-biznesa-zinas","9":"tag-bizness","10":"tag-bizness-latvija","11":"tag-business","12":"tag-dienas-zinas","13":"tag-latvia","14":"tag-latvian","15":"tag-latviesu","16":"tag-latviesu-valoda","17":"tag-latviesuvaloda","18":"tag-latvija","19":"tag-latvijas-biznesa-zinas","20":"tag-latvijas-zinas","21":"tag-lv","22":"tag-zinas"},"share_on_mastodon":{"url":"","error":""},"_links":{"self":[{"href":"https:\/\/www.europesays.com\/lv\/wp-json\/wp\/v2\/posts\/13877","targetHints":{"allow":["GET"]}}],"collection":[{"href":"https:\/\/www.europesays.com\/lv\/wp-json\/wp\/v2\/posts"}],"about":[{"href":"https:\/\/www.europesays.com\/lv\/wp-json\/wp\/v2\/types\/post"}],"author":[{"embeddable":true,"href":"https:\/\/www.europesays.com\/lv\/wp-json\/wp\/v2\/users\/2"}],"replies":[{"embeddable":true,"href":"https:\/\/www.europesays.com\/lv\/wp-json\/wp\/v2\/comments?post=13877"}],"version-history":[{"count":0,"href":"https:\/\/www.europesays.com\/lv\/wp-json\/wp\/v2\/posts\/13877\/revisions"}],"wp:featuredmedia":[{"embeddable":true,"href":"https:\/\/www.europesays.com\/lv\/wp-json\/wp\/v2\/media\/13878"}],"wp:attachment":[{"href":"https:\/\/www.europesays.com\/lv\/wp-json\/wp\/v2\/media?parent=13877"}],"wp:term":[{"taxonomy":"category","embeddable":true,"href":"https:\/\/www.europesays.com\/lv\/wp-json\/wp\/v2\/categories?post=13877"},{"taxonomy":"post_tag","embeddable":true,"href":"https:\/\/www.europesays.com\/lv\/wp-json\/wp\/v2\/tags?post=13877"}],"curies":[{"name":"wp","href":"https:\/\/api.w.org\/{rel}","templated":true}]}}