{"id":13901,"date":"2025-10-06T10:17:07","date_gmt":"2025-10-06T10:17:07","guid":{"rendered":"https:\/\/www.europesays.com\/lv\/13901\/"},"modified":"2025-10-06T10:17:07","modified_gmt":"2025-10-06T10:17:07","slug":"foto-investe-4-miljonus-eiro-jaunas-skolas-ekas-buvnieciba-adazos-dienas-bizness","status":"publish","type":"post","link":"https:\/\/www.europesays.com\/lv\/13901\/","title":{"rendered":"FOTO: Invest\u0113 4 miljonus eiro jaunas skolas \u0113kas b\u016bvniec\u012bb\u0101 \u0100da\u017eos :: Dienas Bizness"},"content":{"rendered":"<p class=\"text-font font-size--text-xlarge margin-3--bottom font-weight--bold padding-1--top\">\u0100da\u017eos s\u0101kusies jaunas, modernas un energoefekt\u012bvas \u0100da\u017eu Br\u012bv\u0101s Valdorfa skolas \u0113kas b\u016bvniec\u012bba. Projekta kop\u0113j\u0101s izmaksas sasniedz 4 miljonus eiro, no kuriem 3,5 miljonus nodro\u0161ina &#8220;BluOr Bank&#8221; aizdevums ar ALTUM garantiju, bet p\u0101r\u0113jo summu skola sedz no saviem l\u012bdzek\u013ciem, ziedojumiem un d\u0101vin\u0101jumiem.<\/p>\n<p class=\"text-font font-size--text-xlarge margin-3--bottom\">Jaun\u0101 skolas \u0113ka tiek b\u016bv\u0113ta Skolas iel\u0101 21, turpat, kur skola atrodas jau \u0161obr\u012bd. Patlaban m\u0101c\u012bbu process tiek organiz\u0113ts vair\u0101k\u0101s \u0113k\u0101s: tr\u012bs m\u0101c\u012bbu korpusos, nesen uzceltaj\u0101 sporta z\u0101l\u0113 un nom\u0101tajos p\u0101rvietojamajos modu\u013cos, kas jau s\u0101kotn\u0113ji bija iecer\u0113ti k\u0101 pagaidu risin\u0101jums. Modu\u013ci ir gan energoneefekt\u012bvi, gan nepraktiski, t\u0101p\u0113c jaun\u0101, divst\u0101vu A klases energoefekt\u012bv\u0101 \u0113ka 2000 m\u00b2 plat\u012bb\u0101 \u013caus skolai samazin\u0101t uztur\u0113\u0161anas izmaksas un rad\u012bt dro\u0161u, m\u016bsdien\u012bgu un rado\u0161u vidi skol\u0113niem un pedagogiem, atz\u012bm\u0113 skolas p\u0101rst\u0101ve, biedr\u012bbas &#8220;Priv\u0101t\u0101 Vidusskola \u0100BVS&#8221; valdes priek\u0161s\u0113d\u0113t\u0101ja Kerola D\u0101vidsone.<\/p>\n<p class=\"text-font font-size--text-xlarge margin-3--bottom\">Jaunuzcelt\u0101s skolas telp\u0101s atrad\u012bsies ar\u012b vair\u0101kas modernas \u0137\u012bmijas un fizikas laboratorijas, kas \u013caus skolai v\u0113l vair\u0101k att\u012bst\u012bt STEM un STEAM izgl\u012bt\u012bbas virzienu &#8211; jomu, kas ir priorit\u0101te ne vien Latvijas izgl\u012bt\u012bbas sist\u0113m\u0101, bet ar\u012b vis\u0101 Eirop\u0101.<\/p>\n<p class=\"text-font font-size--text-xlarge margin-3--bottom\">Projekta b\u016bvniec\u012bbu \u012bsteno SIA &#8220;Ar\u010ders&#8221;, projektu izstr\u0101d\u0101ja arhitektu birojs &#8220;Made&#8221; Mi\u0137e\u013ca Putr\u0101ma vad\u012bb\u0101, savuk\u0101rt, b\u016bvuzraudz\u012bbu nodro\u0161ina SIA &#8220;Samners&#8221;. B\u016bvdarbi jau ir s\u0101ku\u0161ies un jauno skolas \u0113ku pl\u0101nots pabeigt l\u012bdz 2026.gada beig\u0101m. 2026.\/2027. m\u0101c\u012bbu gada laik\u0101 skol\u0113ni var\u0113s p\u0101rcelties, lai m\u0101c\u012bbu process norit\u0113tu modern\u0101 un ilgtsp\u0113j\u012bg\u0101 vid\u0113.<\/p>\n<p class=\"text-font font-size--text-xlarge margin-3--bottom\">\u0100da\u017ei ir viens no retajiem Latvijas novadiem, kur iedz\u012bvot\u0101ju skaits turpina palielin\u0101ties. Vid\u0113jais iedz\u012bvot\u0101ju vecums ir tikai 37,8 gadi, kas noz\u012bm\u0113 &#8211; \u0161eit dz\u012bvo daudz jauno \u0123ime\u0146u ar b\u0113rniem. L\u012bdz ar to piepras\u012bjums p\u0113c b\u0113rnud\u0101rziem un skol\u0101m arvien pieaug, ta\u010du \u0123eogr\u0101fiski tuvum\u0101 pieejamas vien tr\u012bs izgl\u012bt\u012bbas iest\u0101des &#8211; \u0100da\u017eu vidusskola, Carnikavas vidusskolu un \u0100da\u017eu Br\u012bv\u0101 Valdorfa skola. Visas \u0161\u012bs skolas jau \u0161obr\u012bd str\u0101d\u0101 tuvu savai kapacit\u0101te, un piepras\u012bjums p\u0113c viet\u0101m apk\u0101rtnes skol\u0101s nereti p\u0101rsniedz pied\u0101v\u0101jumu.<\/p>\n<p class=\"text-font font-size--text-xlarge margin-3--bottom\">Skolas p\u0101rst\u0101ve Kerola D\u0101vidsone uzsver: &#8220;\u0100da\u017eos aina ir cit\u0101d\u0101ka nek\u0101 liel\u0101 da\u013c\u0101 Latvijas &#8211; m\u0113s esam viena no gados jaun\u0101kaj\u0101m pa\u0161vald\u012bb\u0101m, kur dz\u012bvo daudz \u0123ime\u0146u ar b\u0113rniem. T\u0101p\u0113c jaunas, modernas un ilgtsp\u0113j\u012bgas skolas b\u016bvniec\u012bba \u0100da\u017eos ir likumsakar\u012bgs process &#8211; piepras\u012bjums rada pied\u0101v\u0101jumu. M\u0113s v\u0113lamies, lai b\u0113rniem ir iesp\u0113ja m\u0101c\u012bties vid\u0113, kas iedvesmo b\u016bt rado\u0161iem un dom\u0101jo\u0161iem cilv\u0113kiem, jo tie\u0161i rado\u0161ums ir n\u0101kotnes atsl\u0113ga.&#8221;<\/p>\n<p class=\"text-font font-size--text-xlarge margin-3--bottom\">\u0160obr\u012bd \u0100da\u017eu Br\u012bv\u0101 Valdorfa skola nodro\u0161ina m\u0101c\u012bbas 420 skol\u0113niem un gandr\u012bz 60 pirmsskolas audz\u0113k\u0146iem. P\u0113c jaun\u0101s \u0113kas nodo\u0161anas skolas kapacit\u0101te pieaugs v\u0113l par aptuveni 50 skol\u0113niem.<\/p>\n<p class=\"text-font font-size--text-xlarge margin-3--bottom\">&#8220;L\u012bdz\u0101s biznesa projektiem ir svar\u012bgi atbalst\u012bt ar\u012b sabiedr\u012bbai noz\u012bm\u012bgas iniciat\u012bvas &#8211; \u012bpa\u0161i izgl\u012bt\u012bbas jom\u0101. Izgl\u012bt\u012bba ir viena no v\u0113rt\u012bg\u0101kaj\u0101m invest\u012bcij\u0101m, un jaun\u0101 skolas \u0113ka \u0100da\u017eos b\u016bs noz\u012bm\u012bgs ieguld\u012bjums gan novada att\u012bst\u012bb\u0101, gan Latvijas n\u0101kotnei kopum\u0101. M\u0113s esam priec\u012bgi, ka ar savu atbalstu varam pal\u012bdz\u0113t tapt \u0161\u0101dam modernam un energoefekt\u012bvam projektam ar tik lielu pievienoto v\u0113rt\u012bbu,&#8221; saka &#8220;BluOr Bank&#8221; valdes priek\u0161s\u0113d\u0113t\u0101js Dmitrijs Lati\u0161evs.<\/p>\n<p class=\"text-font font-size--text-xlarge margin-3--bottom\">\u0100da\u017eu Br\u012bv\u0101 Valdorfa skola dibin\u0101ta 1993.gad\u0101 un ir viena no pirmaj\u0101m priv\u0101tskol\u0101m Latvij\u0101. No nelielas kopienas ar 60 b\u0113rniem t\u0101 izaugusi par atpaz\u012bstamu izgl\u012bt\u012bbas iest\u0101di, kas pied\u0101v\u0101 akredit\u0113tu 12 kla\u0161u izgl\u012bt\u012bbu un ir vien\u012bg\u0101 valdorfa vidusskola Latvij\u0101.<\/p>\n<p class=\"text-font font-size--text-xlarge margin-3--bottom\">Skola ir da\u013ca no starptautisk\u0101s Valdorfpedago\u0123ijas asoci\u0101cijas, kas apvieno vair\u0101k nek\u0101 1100 skolas un 1900 b\u0113rnud\u0101rzus 66 valst\u012bs vis\u0101 pasaul\u0113. Latvij\u0101 \u0161obr\u012bd darbojas \u010detras valdorfa skolas &#8211; R\u012bgas Valdorfskola, P\u0101rdaugavas Valdorfskola, Ogres Balt\u0101 valdorfskola un \u0100da\u017eu Br\u012bv\u0101 Valdorfa skola, kas ir vien\u012bg\u0101 valdorfa vidusskola Latvij\u0101.<\/p>\n<p>Skat\u012bties p\u0101r\u0113jos att\u0113lus<\/p>\n","protected":false},"excerpt":{"rendered":"\u0100da\u017eos s\u0101kusies jaunas, modernas un energoefekt\u012bvas \u0100da\u017eu Br\u012bv\u0101s Valdorfa skolas \u0113kas b\u016bvniec\u012bba. Projekta kop\u0113j\u0101s izmaksas sasniedz 4 miljonus&hellip;\n","protected":false},"author":2,"featured_media":13902,"comment_status":"","ping_status":"","sticky":false,"template":"","format":"standard","meta":{"footnotes":""},"categories":[12],"tags":[23,869,77,870,28,29,867,32,33,22,30,31,35,39,38,36,37,34,871,868,40,20,26,27,24,25,21],"class_list":{"0":"post-13901","1":"post","2":"type-post","3":"status-publish","4":"format-standard","5":"has-post-thumbnail","7":"category-latvija","8":"tag-aktualitates","9":"tag-biznesa-zinas","10":"tag-bizness","11":"tag-bizness-latvija","12":"tag-breaking-news","13":"tag-breakingnews","14":"tag-dienas-zinas","15":"tag-featured-news","16":"tag-featurednews","17":"tag-headlines","18":"tag-latest-news","19":"tag-latestnews","20":"tag-latvia","21":"tag-latvian","22":"tag-latviesu","23":"tag-latviesu-valoda","24":"tag-latviesuvaloda","25":"tag-latvija","26":"tag-latvijas-biznesa-zinas","27":"tag-latvijas-zinas","28":"tag-lv","29":"tag-news","30":"tag-popularakas-zinas","31":"tag-popularakaszinas","32":"tag-top-stories","33":"tag-topstories","34":"tag-zinas"},"share_on_mastodon":{"url":"","error":""},"_links":{"self":[{"href":"https:\/\/www.europesays.com\/lv\/wp-json\/wp\/v2\/posts\/13901","targetHints":{"allow":["GET"]}}],"collection":[{"href":"https:\/\/www.europesays.com\/lv\/wp-json\/wp\/v2\/posts"}],"about":[{"href":"https:\/\/www.europesays.com\/lv\/wp-json\/wp\/v2\/types\/post"}],"author":[{"embeddable":true,"href":"https:\/\/www.europesays.com\/lv\/wp-json\/wp\/v2\/users\/2"}],"replies":[{"embeddable":true,"href":"https:\/\/www.europesays.com\/lv\/wp-json\/wp\/v2\/comments?post=13901"}],"version-history":[{"count":0,"href":"https:\/\/www.europesays.com\/lv\/wp-json\/wp\/v2\/posts\/13901\/revisions"}],"wp:featuredmedia":[{"embeddable":true,"href":"https:\/\/www.europesays.com\/lv\/wp-json\/wp\/v2\/media\/13902"}],"wp:attachment":[{"href":"https:\/\/www.europesays.com\/lv\/wp-json\/wp\/v2\/media?parent=13901"}],"wp:term":[{"taxonomy":"category","embeddable":true,"href":"https:\/\/www.europesays.com\/lv\/wp-json\/wp\/v2\/categories?post=13901"},{"taxonomy":"post_tag","embeddable":true,"href":"https:\/\/www.europesays.com\/lv\/wp-json\/wp\/v2\/tags?post=13901"}],"curies":[{"name":"wp","href":"https:\/\/api.w.org\/{rel}","templated":true}]}}