{"id":13929,"date":"2025-10-06T10:48:12","date_gmt":"2025-10-06T10:48:12","guid":{"rendered":"https:\/\/www.europesays.com\/lv\/13929\/"},"modified":"2025-10-06T10:48:12","modified_gmt":"2025-10-06T10:48:12","slug":"meteorologs-toms-bricis-par-gaidamo-laiku-sonedel-viss-strauji-mainisies-sakot-no-10-oktobra-dzentlmenis-lv","status":"publish","type":"post","link":"https:\/\/www.europesays.com\/lv\/13929\/","title":{"rendered":"Meteorologs Toms Bricis par gaid\u0101mo laiku \u0161oned\u0113\u013c: viss strauji main\u012bsies s\u0101kot no 10. oktobra &#8211; Dzentlmenis.lv"},"content":{"rendered":"<ol>\n<li><a href=\"https:\/\/news.google.com\/rss\/articles\/CBMiwAFBVV95cUxNTkJRYkFINFoyMTdIY0RrMzhUUjBEVVlFX2VacXVjS1NxNEVlRjd3RW16N05UXzk5Rzd0NGgtTzlwbVIwcnBVVHA1NV85NmVhQkZ0V2xNSVV6OGtYVnlRblNZbzRBeFpBbU1KSnZWaUczVkN1SEJpdGVEMS1Mc3hvZHZlSGR2dTRuSzRNQ0NISm5SMUdVLVlXS2xsOWkwcVNRTDNsWXc4WG4xRXR0YWFZMDBIbmdfVzNwMS1adDhWLUU?oc=5\" target=\"_blank\" rel=\"nofollow noopener\">Meteorologs Toms Bricis par gaid\u0101mo laiku \u0161oned\u0113\u013c: viss strauji main\u012bsies s\u0101kot no 10. oktobra<\/a>&nbsp;&nbsp;Dzentlmenis.lv<\/li>\n<li><a href=\"https:\/\/news.google.com\/rss\/articles\/CBMiowFBVV95cUxNQ2lHeWlZT25FWU9uVU01UWkwZUFycFIzSXdDclQwamZNS1FUbWE1cWctM1RyYk10TW5aT2wtXzBfWDFBM0NnMmx4OXpGUUVuOXJYYTU5NTFPUjE4d2VvaGtzWUxWa19SYXVOZ2o1TXVRb2tQQzRqU1hkX1k1SWhDOG9kMnlJVkM2QWdOSlpjVG03ZGU3R3pueWhxQ1Z4MFZLUkpj?oc=5\" target=\"_blank\" rel=\"nofollow noopener\">N\u0101kam\u0101s ned\u0113\u013cas s\u0101kumam sinopti\u0137i iepriecina, ta\u010du prieki b\u016bs \u012bsi<\/a>&nbsp;&nbsp;Jauns.lv<\/li>\n<li><a href=\"https:\/\/news.google.com\/rss\/articles\/CBMi4AFBVV95cUxQZjJzU3loS0NZd0dnaXBqLWtBbVcwWVpTcDgyNkV5b0tnWkUyQVRQeGwzbFdoY3NmVjRDOTNyTzhaMkMtcXlvb3B1ZXNzbExrT2dueF9nZzdUc1VySUZOQ3FTN0lpNWNIaWVHeEtraDl0dm1FMUVOQjZBYVRtazJXTU52ZTZrbDBSeDFIRkN6b1drOVZfbENqc0hNalFqTE5rb0Z6YWY4bGlqWUdQcVBDaTROb3c0X2gwdXdHQl9DVUNrSW5fczlYZjN3ZWJzanBldmRWYmJKRDN0NFBobTZHVQ?oc=5\" target=\"_blank\" rel=\"nofollow noopener\">Jaun\u0101k\u0101 prognoze \u2013 br\u012bvdien\u0101s un n\u0101kam\u0101s ned\u0113\u013cas s\u0101kum\u0101 laiks Latvij\u0101 b\u016bs izteikti ruden\u012bgs<\/a>&nbsp;&nbsp;Delfi<\/li>\n<li><a href=\"https:\/\/news.google.com\/rss\/articles\/CBMihwFBVV95cUxOUDZ3bFBKd3NvQzhpcW1qVm44MnREamRfSVlBUTQxTUpIRjFiaC1vS3RydDdMWENEUXc5b0N2R3VQN1ZLUDFKOUNBNEpjOTNiNkhyYzh0X2x2eFZ1d1YzTkY2b08wcnNKV2lvZ3hoLVdjMkVlR3p2ekVraGxwdW42WmdKUWZCVGs?oc=5\" target=\"_blank\" rel=\"nofollow noopener\">Tapis zin\u0101ms, ko varam gaid\u012bt no debes\u012bm darba ned\u0113\u013ca nosl\u0113gum\u0101<\/a>&nbsp;&nbsp;LA.LV<\/li>\n<li><a href=\"https:\/\/news.google.com\/rss\/articles\/CBMilwFBVV95cUxOYTcyNXprVDkyenB0ZUhiRmgyZkUteDItVUduV19iQWRXaDlZZVY2S001MTFlMjdLT0FndXhBbU13SkFrT1BSLVJ4LVlEclhweWhXc0duenNRUXQ0QTh6alBQMWctei10WlpMU2lwelJJdjAtZHA5dWVRLUxENXIxTkdobkVGU19XaDg1SFNMZVRKaUZRdVdV?oc=5\" target=\"_blank\" rel=\"nofollow noopener\">Rudens kl\u0101t \u2013 Latvij\u0101 sagaid\u0101ms ilgsto\u0161s lietus un tikai +10 gr\u0101du siltums &#8211;<\/a>&nbsp;&nbsp;bnn.lv<\/li>\n<\/ol>\n","protected":false},"excerpt":{"rendered":"Meteorologs Toms Bricis par gaid\u0101mo laiku \u0161oned\u0113\u013c: viss strauji main\u012bsies s\u0101kot no 10. oktobra&nbsp;&nbsp;Dzentlmenis.lv N\u0101kam\u0101s ned\u0113\u013cas s\u0101kumam sinopti\u0137i&hellip;\n","protected":false},"author":2,"featured_media":13930,"comment_status":"","ping_status":"","sticky":false,"template":"","format":"standard","meta":{"footnotes":""},"categories":[5],"tags":[23,28,29,32,33,22,152,396,30,31,35,39,38,36,37,34,40,20,26,27,1257,24,25,21],"class_list":{"0":"post-13929","1":"post","2":"type-post","3":"status-publish","4":"format-standard","5":"has-post-thumbnail","7":"category-aktualitates","8":"tag-aktualitates","9":"tag-breaking-news","10":"tag-breakingnews","11":"tag-featured-news","12":"tag-featurednews","13":"tag-headlines","14":"tag-laika-prognoze","15":"tag-laika-zinas","16":"tag-latest-news","17":"tag-latestnews","18":"tag-latvia","19":"tag-latvian","20":"tag-latviesu","21":"tag-latviesu-valoda","22":"tag-latviesuvaloda","23":"tag-latvija","24":"tag-lv","25":"tag-news","26":"tag-popularakas-zinas","27":"tag-popularakaszinas","28":"tag-toms-bricis","29":"tag-top-stories","30":"tag-topstories","31":"tag-zinas"},"share_on_mastodon":{"url":"","error":""},"_links":{"self":[{"href":"https:\/\/www.europesays.com\/lv\/wp-json\/wp\/v2\/posts\/13929","targetHints":{"allow":["GET"]}}],"collection":[{"href":"https:\/\/www.europesays.com\/lv\/wp-json\/wp\/v2\/posts"}],"about":[{"href":"https:\/\/www.europesays.com\/lv\/wp-json\/wp\/v2\/types\/post"}],"author":[{"embeddable":true,"href":"https:\/\/www.europesays.com\/lv\/wp-json\/wp\/v2\/users\/2"}],"replies":[{"embeddable":true,"href":"https:\/\/www.europesays.com\/lv\/wp-json\/wp\/v2\/comments?post=13929"}],"version-history":[{"count":0,"href":"https:\/\/www.europesays.com\/lv\/wp-json\/wp\/v2\/posts\/13929\/revisions"}],"wp:featuredmedia":[{"embeddable":true,"href":"https:\/\/www.europesays.com\/lv\/wp-json\/wp\/v2\/media\/13930"}],"wp:attachment":[{"href":"https:\/\/www.europesays.com\/lv\/wp-json\/wp\/v2\/media?parent=13929"}],"wp:term":[{"taxonomy":"category","embeddable":true,"href":"https:\/\/www.europesays.com\/lv\/wp-json\/wp\/v2\/categories?post=13929"},{"taxonomy":"post_tag","embeddable":true,"href":"https:\/\/www.europesays.com\/lv\/wp-json\/wp\/v2\/tags?post=13929"}],"curies":[{"name":"wp","href":"https:\/\/api.w.org\/{rel}","templated":true}]}}