{"id":13935,"date":"2025-10-06T10:53:08","date_gmt":"2025-10-06T10:53:08","guid":{"rendered":"https:\/\/www.europesays.com\/lv\/13935\/"},"modified":"2025-10-06T10:53:08","modified_gmt":"2025-10-06T10:53:08","slug":"pasvaldibas-un-valdiba-apspriez-nakama-gada-budzeta-rami","status":"publish","type":"post","link":"https:\/\/www.europesays.com\/lv\/13935\/","title":{"rendered":"Pa\u0161vald\u012bbas un vald\u012bba apsprie\u017e n\u0101kam\u0101 gada bud\u017eeta r\u0101mi"},"content":{"rendered":"<p>Latvijas Pa\u0161vald\u012bbu savien\u012bbas (LPS) dome un vald\u012bbas p\u0101rst\u0101vji \u0161odien R\u012bgas dom\u0113 apsprie\u017e n\u0101kam\u0101 gada valsts bud\u017eeta un bud\u017eeta ieceres l\u012bdz 2028. gadam. Pl\u0101nots parakst\u012bt vieno\u0161an\u0101s un domstarp\u012bbu protokolu. <\/p>\n<p>Pa\u0161vald\u012bbu p\u0101rst\u0101vji izteiku\u0161i ba\u017eas, ka l\u012bdz ar minim\u0101l\u0101s algas cel\u0161anu un taup\u012bbas pl\u0101niem n\u0101kamgad vietvaru ie\u0146\u0113mumi samazin\u0101sies, t\u0101p\u0113c var n\u0101kties atteikties no da\u017e\u0101m funkcij\u0101m. <\/p>\n<p>LPS dome balsos par protokola apstiprin\u0101\u0161anu un lems, vai dot priek\u0161s\u0113dim Gintam Kaminskim mand\u0101tu to parakst\u012bt. <\/p>\n<p>S\u0113d\u0113 piedal\u0101s Ministru prezidente Evika Sili\u0146a, finan\u0161u ministrs Arvils A\u0161eradens, vied\u0101s administr\u0101cijas un re\u0123ion\u0101l\u0101s att\u012bst\u012bbas ministrs Raimons \u010cudars, uzaicin\u0101ta izgl\u012bt\u012bbas un zin\u0101tnes ministre Dace Melb\u0101rde (visi JV). Vald\u012bba l\u0113mumu pl\u0101no pie\u0146emt 7.oktobr\u012b.<\/p>\n<p>P\u0113c parakst\u012b\u0161anas vieno\u0161an\u0101s un domstarp\u012bbu protokolu pievieno valsts bud\u017eeta projektam. To Ministru kabinet\u0101 pl\u0101no pie\u0146emt 14.oktobr\u012b, lai Saeim\u0101 iesniegtu 15.oktobr\u012b.<\/p>\n","protected":false},"excerpt":{"rendered":"Latvijas Pa\u0161vald\u012bbu savien\u012bbas (LPS) dome un vald\u012bbas p\u0101rst\u0101vji \u0161odien R\u012bgas dom\u0113 apsprie\u017e n\u0101kam\u0101 gada valsts bud\u017eeta un bud\u017eeta&hellip;\n","protected":false},"author":2,"featured_media":13936,"comment_status":"","ping_status":"","sticky":false,"template":"","format":"standard","meta":{"footnotes":""},"categories":[12],"tags":[129,1209,23,28,29,32,33,22,30,31,35,39,38,36,37,34,40,20,26,27,1210,1211,24,25,21],"class_list":{"0":"post-13935","1":"post","2":"type-post","3":"status-publish","4":"format-standard","5":"has-post-thumbnail","7":"category-latvija","8":"tag-__typenameadvicekeyword","9":"tag-id824","10":"tag-aktualitates","11":"tag-breaking-news","12":"tag-breakingnews","13":"tag-featured-news","14":"tag-featurednews","15":"tag-headlines","16":"tag-latest-news","17":"tag-latestnews","18":"tag-latvia","19":"tag-latvian","20":"tag-latviesu","21":"tag-latviesu-valoda","22":"tag-latviesuvaloda","23":"tag-latvija","24":"tag-lv","25":"tag-news","26":"tag-popularakas-zinas","27":"tag-popularakaszinas","28":"tag-slugpolitika","29":"tag-titlepolitika","30":"tag-top-stories","31":"tag-topstories","32":"tag-zinas"},"share_on_mastodon":{"url":"","error":""},"_links":{"self":[{"href":"https:\/\/www.europesays.com\/lv\/wp-json\/wp\/v2\/posts\/13935","targetHints":{"allow":["GET"]}}],"collection":[{"href":"https:\/\/www.europesays.com\/lv\/wp-json\/wp\/v2\/posts"}],"about":[{"href":"https:\/\/www.europesays.com\/lv\/wp-json\/wp\/v2\/types\/post"}],"author":[{"embeddable":true,"href":"https:\/\/www.europesays.com\/lv\/wp-json\/wp\/v2\/users\/2"}],"replies":[{"embeddable":true,"href":"https:\/\/www.europesays.com\/lv\/wp-json\/wp\/v2\/comments?post=13935"}],"version-history":[{"count":0,"href":"https:\/\/www.europesays.com\/lv\/wp-json\/wp\/v2\/posts\/13935\/revisions"}],"wp:featuredmedia":[{"embeddable":true,"href":"https:\/\/www.europesays.com\/lv\/wp-json\/wp\/v2\/media\/13936"}],"wp:attachment":[{"href":"https:\/\/www.europesays.com\/lv\/wp-json\/wp\/v2\/media?parent=13935"}],"wp:term":[{"taxonomy":"category","embeddable":true,"href":"https:\/\/www.europesays.com\/lv\/wp-json\/wp\/v2\/categories?post=13935"},{"taxonomy":"post_tag","embeddable":true,"href":"https:\/\/www.europesays.com\/lv\/wp-json\/wp\/v2\/tags?post=13935"}],"curies":[{"name":"wp","href":"https:\/\/api.w.org\/{rel}","templated":true}]}}