{"id":13965,"date":"2025-10-06T11:16:10","date_gmt":"2025-10-06T11:16:10","guid":{"rendered":"https:\/\/www.europesays.com\/lv\/13965\/"},"modified":"2025-10-06T11:16:10","modified_gmt":"2025-10-06T11:16:10","slug":"makrons-pazino-par-premjera-lekorni-atkapsanos","status":"publish","type":"post","link":"https:\/\/www.europesays.com\/lv\/13965\/","title":{"rendered":"Makrons pazi\u0146o par premjera Lekorn\u012b atk\u0101p\u0161anos"},"content":{"rendered":"<p>Makrons vald\u012bbas vad\u012b\u0161anu Lekorn\u012b uztic\u0113ja septembr\u012b, bet sv\u0113tdien nosauca vi\u0146a vad\u012bt\u0101s jaun\u0101s vald\u012bbas sast\u0101vu, kas nekav\u0113joties izsauca asu kritiku.<\/p>\n<p>Jaun\u0101 kabineta sast\u0101vs, kas daudz neat\u0161\u0137iras no iepriek\u0161\u0113j\u0101, asi tika kritiz\u0113ts vis\u0101 politiskaj\u0101 spektr\u0101.<\/p>\n<p>Lekorn\u012b bija sask\u0101ries ar sare\u017e\u0123\u012btu uzdevumu &#8211; pan\u0101kt, ka dzi\u013ci sa\u0161\u0137eltaj\u0101 parlament\u0101 tiek apstiprin\u0101ts n\u0101kam\u0101 gada taup\u012bbas bud\u017eets.<\/p>\n<p>Divus Lekorn\u012b priek\u0161g\u0101j\u0113jus &#8211; Fransu\u0101 Beir\u016b un Mi\u0161elu Barnj\u0113 &#8211; likumdev\u0113ju pal\u0101ta atst\u0101din\u0101ja no amata, nerimstot domstarp\u012bb\u0101m par izdevumu pl\u0101nu.<\/p>\n<p>Francijas valsts par\u0101ds ir sasniedzis rekordaugstu l\u012bmeni, liecina pag\u0101ju\u0161\u0101s ned\u0113\u013cas ofici\u0101lie dati.<\/p>\n<p>Francijas par\u0101da attiec\u012bba pret IKP \u0161obr\u012bd ir tre\u0161\u0101 liel\u0101k\u0101 Eiropas Savien\u012bb\u0101 (ES) p\u0113c Grie\u0137ijas un It\u0101lijas un gandr\u012bz divreiz p\u0101rsniedz ES noteikumos at\u013cauto 60% robe\u017eu.<\/p>\n<p>Iepriek\u0161\u0113j\u0101s vald\u012bbas p\u0113d\u0113jos tr\u012bs ikgad\u0113jos bud\u017eetus pie\u0146\u0113ma bez balsojuma parlament\u0101. \u0160o metodi pie\u013cauj konstit\u016bcija, ta\u010du opoz\u012bcija to asi kritiz\u0113.<\/p>\n<p>Pag\u0101ju\u0161aj\u0101 ned\u0113\u013c\u0101 Lekorn\u012b sol\u012bja g\u0101d\u0101t, ka likumdev\u0113ji var balsot par likumprojektu.<\/p>\n<p><a href=\"https:\/\/www.apollo.lv\/term\/555453\/francija\" class=\"topicLink\" target=\"_blank\" rel=\"nofollow noopener\">Francija<\/a> non\u0101kusi strupce\u013c\u0101, kop\u0161 Makrons pag\u0101ju\u0161\u0101 gada vid\u016b risk\u0113ja ar \u0101rk\u0101rtas parlamenta v\u0113l\u0113\u0161an\u0101m, cerot stiprin\u0101t savas poz\u012bcijas.<\/p>\n<p>Gaid\u012btais rezult\u0101ts izpalika, un Makronam draudz\u012bgo sp\u0113ku bloks Nacion\u0101laj\u0101 sapulc\u0113 palika maz\u0101kum\u0101.<\/p>\n","protected":false},"excerpt":{"rendered":"Makrons vald\u012bbas vad\u012b\u0161anu Lekorn\u012b uztic\u0113ja septembr\u012b, bet sv\u0113tdien nosauca vi\u0146a vad\u012bt\u0101s jaun\u0101s vald\u012bbas sast\u0101vu, kas nekav\u0113joties izsauca asu&hellip;\n","protected":false},"author":2,"featured_media":13966,"comment_status":"","ping_status":"","sticky":false,"template":"","format":"standard","meta":{"footnotes":""},"categories":[14],"tags":[23,57,28,29,1310,32,33,1309,22,30,31,35,39,38,36,37,34,40,20,26,27,24,25,54,55,56,21,58],"class_list":{"0":"post-13965","1":"post","2":"type-post","3":"status-publish","4":"format-standard","5":"has-post-thumbnail","7":"category-zinas-no-arvalstim","8":"tag-aktualitates","9":"tag-arvalstim","10":"tag-breaking-news","11":"tag-breakingnews","12":"tag-emanuels-makrons","13":"tag-featured-news","14":"tag-featurednews","15":"tag-francija","16":"tag-headlines","17":"tag-latest-news","18":"tag-latestnews","19":"tag-latvia","20":"tag-latvian","21":"tag-latviesu","22":"tag-latviesu-valoda","23":"tag-latviesuvaloda","24":"tag-latvija","25":"tag-lv","26":"tag-news","27":"tag-popularakas-zinas","28":"tag-popularakaszinas","29":"tag-top-stories","30":"tag-topstories","31":"tag-world","32":"tag-world-news","33":"tag-worldnews","34":"tag-zinas","35":"tag-zinas-no-arvalstim"},"share_on_mastodon":{"url":"","error":""},"_links":{"self":[{"href":"https:\/\/www.europesays.com\/lv\/wp-json\/wp\/v2\/posts\/13965","targetHints":{"allow":["GET"]}}],"collection":[{"href":"https:\/\/www.europesays.com\/lv\/wp-json\/wp\/v2\/posts"}],"about":[{"href":"https:\/\/www.europesays.com\/lv\/wp-json\/wp\/v2\/types\/post"}],"author":[{"embeddable":true,"href":"https:\/\/www.europesays.com\/lv\/wp-json\/wp\/v2\/users\/2"}],"replies":[{"embeddable":true,"href":"https:\/\/www.europesays.com\/lv\/wp-json\/wp\/v2\/comments?post=13965"}],"version-history":[{"count":0,"href":"https:\/\/www.europesays.com\/lv\/wp-json\/wp\/v2\/posts\/13965\/revisions"}],"wp:featuredmedia":[{"embeddable":true,"href":"https:\/\/www.europesays.com\/lv\/wp-json\/wp\/v2\/media\/13966"}],"wp:attachment":[{"href":"https:\/\/www.europesays.com\/lv\/wp-json\/wp\/v2\/media?parent=13965"}],"wp:term":[{"taxonomy":"category","embeddable":true,"href":"https:\/\/www.europesays.com\/lv\/wp-json\/wp\/v2\/categories?post=13965"},{"taxonomy":"post_tag","embeddable":true,"href":"https:\/\/www.europesays.com\/lv\/wp-json\/wp\/v2\/tags?post=13965"}],"curies":[{"name":"wp","href":"https:\/\/api.w.org\/{rel}","templated":true}]}}