{"id":13967,"date":"2025-10-06T11:17:07","date_gmt":"2025-10-06T11:17:07","guid":{"rendered":"https:\/\/www.europesays.com\/lv\/13967\/"},"modified":"2025-10-06T11:17:07","modified_gmt":"2025-10-06T11:17:07","slug":"labo-darbu-nedela-var-lidzdarboties-ikviens","status":"publish","type":"post","link":"https:\/\/www.europesays.com\/lv\/13967\/","title":{"rendered":"Labo darbu ned\u0113\u013c\u0101 var l\u012bdzdarboties ikviens"},"content":{"rendered":"<p><img fetchpriority=\"high\" decoding=\"async\" width=\"1024\" height=\"683\" src=\"https:\/\/www.europesays.com\/lv\/wp-content\/uploads\/2025\/10\/Labo_darbu_nedela-1024x683.jpg\" alt=\"\" class=\"wp-image-977269\"  \/>Foto: pexels.com<\/p>\n<p>No 6. l\u012bdz 12. oktobrim vis\u0101 Latvij\u0101 norisin\u0101sies akcija \u201cLabo darbu ned\u0113\u013ca\u201d. T\u0101s laik\u0101 ikviens ir aicin\u0101ts paveikt k\u0101du labu darbu cilv\u0113kiem, dz\u012bvniekiem, dabai vai savai kopienai.<\/p>\n<p>Labais darbs var b\u016bt gan ikdieni\u0161\u0137a labest\u012bba, gan liel\u0101ka iniciat\u012bva \u2013 svar\u012bgi ir dar\u012bt no sirds un ar v\u0113lmi rad\u012bt pozit\u012bvas p\u0101rmai\u0146as. Iel\u016bkojoties m\u0101jaslap\u0101 https:\/\/labodarbunedela.palidzesim.lv\/, var redz\u0113t, k\u0101di labie darbi ir iepl\u0101noti \u0161aj\u0101 gad\u0101. Pirm\u0101s iniciat\u012bvas \u2013 pl\u0101notie darbi iesniegti ar\u012b m\u016bspus\u0113.<\/p>\n<p>Valkas J\u0101\u0146a Cimzes \u0123imn\u0101zijas 7. klases skol\u0113ni piedal\u012bsies Labo darbu ned\u0113\u013c\u0101, vadot piecas interesantas stacijas pirmsskolas izgl\u012bt\u012bbas iest\u0101d\u0113 \u201cMazie \u0123imn\u0101zisti\u201d. B\u0113rnud\u0101rza b\u0113rnus sagaida aizraujo\u0161a un izzino\u0161a diena, kur vi\u0146i var\u0113s darboties sporta stacij\u0101, izpausties m\u0101kslas darbn\u012bc\u0101, klaus\u012bties un las\u012bt pasakas las\u012b\u0161anas stacij\u0101, k\u0101 ar\u012b piedal\u012bties cit\u0101s att\u012bsto\u0161\u0101s aktivit\u0101t\u0113s. Savuk\u0101rt 7.b klase dosies sakopt J\u0101\u0146a Cimzes kapa vietu un Valkas J\u0101\u0146a Cimzes \u0123imn\u0101zijas miru\u0161o skolot\u0101ju kapa vietas, kuras vairs neviens neapkopj.<\/p>\n<p>\u201c\u0160ogad esmu 7.b un 7.c klases audzin\u0101t\u0101ja, un \u0161ogad abas klases piedal\u012bsies Labo darbu ned\u0113\u013c\u0101. Ar c klasi iepriek\u0161 neesam piedal\u012bju\u0161ies \u0161aj\u0101 akcij\u0101, t\u0101d\u0113\u013c nol\u0113m\u0101m, ka \u0161ogad ar\u012b mums ir j\u0101piedal\u0101s. Es pied\u0101v\u0101ju piedal\u012bties \u0161aj\u0101 akcij\u0101, lai jaunie\u0161us mudin\u0101tu g\u016bt gandar\u012bjumu, ka ir labi b\u016bt labam un dar\u012bt labu. G\u016bt prieku un lepnumu, ka vari paveikt ko labu savai pils\u0113tai vai skolai,\u201d nor\u0101da skolot\u0101ja Evija St\u0101lmeistere un uzsver, ka \u0161\u012b iniciat\u012bva pal\u012bdz veidot draudz\u012bgu un atbalsto\u0161u vidi starp da\u017e\u0101d\u0101m vecuma grup\u0101m un iedro\u0161ina skol\u0113nus dar\u012bt labus darbus.<\/p>\n<p>Akcij\u0101 piedal\u012bsies ar\u012b Raunas pamatskola un pirmsskolas izgl\u012bt\u012bbas iest\u0101de. B\u0113rnud\u0101rza b\u0113rni kop\u0101 ar vec\u0101kiem tiek aicin\u0101ti iesaist\u012bties akcij\u0101 \u201cPal\u012bdzi piepild\u012bt Drosmes kasti!\u201d. M\u0113r\u0137is ir iepriecin\u0101t C\u0113su slimn\u012bcas mazos pacientus par izr\u0101d\u012bto drosmi. Savuk\u0101rt skol\u0113ni, vi\u0146u vec\u0101ki un darbinieki tiek aicin\u0101ti nest uz skolu ziedojumus\/d\u0101vin\u0101jumus, lai atbalst\u012btu Valmieras dz\u012bvnieku patversmi.<\/p>\n<p>\u201cNo 6. l\u012bdz 10. oktobrim skol\u0101 tiks v\u0101kti ziedojumi dz\u012bvnieku patversmes iem\u012btniekiem. Noskaidroj\u0101m, ka tur noder\u0113tu ka\u0137u smiltis, ka\u0137u un su\u0146u bar\u012bba \u2012 gan saus\u0101, gan konservi, ka\u0137u gu\u013cvietas, rota\u013clietas ka\u0137iem un su\u0146iem, ka\u0137u tualetes. Sv\u0113rt\u0101 bar\u012bba gan neder\u0113s, jo j\u0101b\u016bt zin\u0101mam ra\u017eotajam ar der\u012bgumu termi\u0146u un porciju sarakstam uz iepakojuma. Akcijas nosl\u0113gum\u0101 to visu nog\u0101d\u0101sim patversm\u0113,\u201d st\u0101sta skolas bibliotek\u0101re Inga Cera.<\/p>\n<p>Akcij\u0101 pl\u0101no piedal\u012bties ar\u012b citas skolas m\u016bspus\u0113, tostarp Smiltenes vidusskola, tur aicina s\u0101kumskol\u0113nus un vi\u0146u skolot\u0101jus Labo darbu ned\u0113\u013c\u0101 atbalst\u012bt Vidzemes slimn\u012bcas mazos pacientus, piedaloties akcij\u0101 \u201cPiepild\u012bsim Drosmes kasti!\u201d.<\/p>\n<p>Savuk\u0101rt 7.- 12.kla\u0161u skol\u0113ni akcijas ietvaros atbalst\u012bs \u201cUlubeles\u201d iem\u012btniekus, bet 4.- 6. klases v\u0101ks rudens veltes, atbalstot Soci\u0101l\u0101s apr\u016bpes un soci\u0101l\u0101s rehabilit\u0101cijas noda\u013cas iem\u012btniekus, k\u0101 ar\u012b soci\u0101lo pakalpojumu centru \u201c\u012ave\u201d. Par akcijas dal\u012bbnieku var k\u013c\u016bt ikviens iedz\u012bvot\u0101js, skola, \u0123imene, uz\u0146\u0113mums vai organiz\u0101cija.<\/p>\n<p>Esam rakst\u012bju\u0161i, ka citugad akcijas ietvaros iedz\u012bvot\u0101ji dodas uz dz\u012bvnieku patversm\u0113m, apciemo vientu\u013cos pension\u0101rus, pal\u012bdzot ikdieni\u0161\u0137os darbos, iesaist\u0101s viet\u0113j\u0101s apk\u0101rtnes sakop\u0161an\u0101, nodod asinis, ziedo ap\u0123\u0113rbu un citas lietas, k\u0101 ar\u012b apmekl\u0113 soci\u0101l\u0101s apr\u016bpes iest\u0101des, lai aprun\u0101tos vai uzsp\u0113l\u0113tu k\u0101du galda sp\u0113li ar to iem\u012btniekiem.<\/p>\n<p>Pieteikt un re\u0123istr\u0113t paveiktos darbus iedz\u012bvot\u0101ji aicin\u0101ti m\u0101jaslap\u0101: https:\/\/labodarbunedela.palidzesim.lv\/, kur iesp\u0113jams iedvesmoties, iepl\u0101not darbus un atsaukties uz citu cilv\u0113ku l\u016bgumiem p\u0113c pal\u012bdz\u012bbas. Aicin\u0101m ar paveikto dal\u012bties ar\u012b soci\u0101lajos t\u012bklos, izmantojot t\u0113mturi #LaboDarbuNed\u0113\u013ca, lai iedvesma ce\u013cotu t\u0101l\u0101k.<\/p>\n<p>Labdar\u012bbas organiz\u0101cija \u201cPal\u012bdz\u0113sim.lv\u201d jau septi\u0146padsmito gadu organiz\u0113 akciju \u201cLabo darbu ned\u0113\u013ca\u201d.<\/p>\n<p>P\u0113rn \u201cLabo darbu ned\u0113\u013c\u0101\u201d piedal\u012bj\u0101s vair\u0101k nek\u0101 15 000 dal\u012bbnieku, kop\u0101 paveicot gandr\u012bz 400 labo darbu. Tas apliecina, ka br\u012bvpr\u0101t\u012bgais darbs un pal\u012bdz\u012bba citiem ir b\u016btiska sabiedr\u012bbas vesel\u012bgas att\u012bst\u012bbas sast\u0101vda\u013ca.<\/p>\n","protected":false},"excerpt":{"rendered":"Foto: pexels.com No 6. l\u012bdz 12. oktobrim vis\u0101 Latvij\u0101 norisin\u0101sies akcija \u201cLabo darbu ned\u0113\u013ca\u201d. T\u0101s laik\u0101 ikviens ir&hellip;\n","protected":false},"author":2,"featured_media":13968,"comment_status":"","ping_status":"","sticky":false,"template":"","format":"standard","meta":{"footnotes":""},"categories":[12],"tags":[23,28,29,32,33,22,4998,30,31,35,39,38,36,37,34,40,20,26,27,452,24,25,1009,21],"class_list":{"0":"post-13967","1":"post","2":"type-post","3":"status-publish","4":"format-standard","5":"has-post-thumbnail","7":"category-latvija","8":"tag-aktualitates","9":"tag-breaking-news","10":"tag-breakingnews","11":"tag-featured-news","12":"tag-featurednews","13":"tag-headlines","14":"tag-labodarbunedela","15":"tag-latest-news","16":"tag-latestnews","17":"tag-latvia","18":"tag-latvian","19":"tag-latviesu","20":"tag-latviesu-valoda","21":"tag-latviesuvaloda","22":"tag-latvija","23":"tag-lv","24":"tag-news","25":"tag-popularakas-zinas","26":"tag-popularakaszinas","27":"tag-smiltenesnovads","28":"tag-top-stories","29":"tag-topstories","30":"tag-valkasnovads","31":"tag-zinas"},"share_on_mastodon":{"url":"","error":""},"_links":{"self":[{"href":"https:\/\/www.europesays.com\/lv\/wp-json\/wp\/v2\/posts\/13967","targetHints":{"allow":["GET"]}}],"collection":[{"href":"https:\/\/www.europesays.com\/lv\/wp-json\/wp\/v2\/posts"}],"about":[{"href":"https:\/\/www.europesays.com\/lv\/wp-json\/wp\/v2\/types\/post"}],"author":[{"embeddable":true,"href":"https:\/\/www.europesays.com\/lv\/wp-json\/wp\/v2\/users\/2"}],"replies":[{"embeddable":true,"href":"https:\/\/www.europesays.com\/lv\/wp-json\/wp\/v2\/comments?post=13967"}],"version-history":[{"count":0,"href":"https:\/\/www.europesays.com\/lv\/wp-json\/wp\/v2\/posts\/13967\/revisions"}],"wp:featuredmedia":[{"embeddable":true,"href":"https:\/\/www.europesays.com\/lv\/wp-json\/wp\/v2\/media\/13968"}],"wp:attachment":[{"href":"https:\/\/www.europesays.com\/lv\/wp-json\/wp\/v2\/media?parent=13967"}],"wp:term":[{"taxonomy":"category","embeddable":true,"href":"https:\/\/www.europesays.com\/lv\/wp-json\/wp\/v2\/categories?post=13967"},{"taxonomy":"post_tag","embeddable":true,"href":"https:\/\/www.europesays.com\/lv\/wp-json\/wp\/v2\/tags?post=13967"}],"curies":[{"name":"wp","href":"https:\/\/api.w.org\/{rel}","templated":true}]}}