{"id":139700,"date":"2026-02-25T12:01:06","date_gmt":"2026-02-25T12:01:06","guid":{"rendered":"https:\/\/www.europesays.com\/lv\/139700\/"},"modified":"2026-02-25T12:01:06","modified_gmt":"2026-02-25T12:01:06","slug":"zinams-sovs-pec-sova-2-uzvaretajs","status":"publish","type":"post","link":"https:\/\/www.europesays.com\/lv\/139700\/","title":{"rendered":"Zin\u0101ms &#8220;\u0160ovs p\u0113c \u0161ova 2&#8221; uzvar\u0113t\u0101js"},"content":{"rendered":"<p class=\"BodyA\">P\u0113d\u0113j\u0101 &#8220;\u0160ovs p\u0113c \u0161ova 2&#8221; epizode sag\u0101d\u0101ja p\u0101rsteigumu dal\u012bbniekiem \u2013 jaunie uzdevumi noteica, kur\u0161 no dal\u012bbniekiem zaud\u0113s visus ieg\u016btos punktus un kur\u0161 ieg\u016bs rekordlielu punktu daudzumu.<\/p>\n<p class=\"BodyA\">Vi\u0146i tika sadal\u012bti p\u0101ros: Liene U\u0161akova\/Aleksandra, Raivo\/Artis, Liene Vikmane\/Madars, Evel\u012bna\/Juris, Laura\/Marselino, Doloresa\/M\u0101rti\u0146\u0161. Turkl\u0101t pa\u0161i uzdevumi nebija no viegl\u0101kiem \u2013 tie patiesi lika izk\u0101pt no komforta zonas.<\/p>\n<p class=\"BodyA\">Pirmaj\u0101 uzdevum\u0101 dal\u012bbniekiem n\u0101c\u0101s ar m\u0113li mekl\u0113t hinka\u013cus b\u013cod\u0101 ar svaig\u0101m j\u016bras velt\u0113m, bet otraj\u0101 \u2013 l\u0113kt no augstuma Melnaj\u0101 j\u016br\u0101.<\/p>\n<blockquote class=\"quote ck-widget\" contenteditable=\"false\">\n<p>Ne visi dal\u012bbnieki ir sp\u0113ju\u0161i p\u0101rvar\u0113t bailes vai riebumu, t\u0101p\u0113c no pirm\u0101 uzdevuma izpildes atteic\u0101s Artis un Evel\u012bna, bet no otr\u0101 \u2013 Liene U\u0161akova.<\/p>\n<\/blockquote>\n<p class=\"BodyA\">Atsakoties no uzdevuma, dal\u012bbnieki autom\u0101tiski &#8220;ieg\u0101za&#8221; ar\u012b p\u0101rinieku, t\u0101d\u0113j\u0101di visi \u0161ova laik\u0101 uzkr\u0101tie punkti anul\u0113j\u0101s ar\u012b Aleksandrai, Raivo un Jurim.<\/p>\n<p class=\"BodyA\">Paveicot drosm\u012bgos uzdevumus, tre\u0161o vietu ieguva M\u0101rti\u0146\u0161 un Doloresa, otro vietu \u2013 Laura un Marselino, bet pirmo vietu \u2013 Madars un Liene Vikmane. M\u0101rti\u0146\u0161 bija \u012bsts d\u017eentlmenis, atdodot visus savus punktus Doloresai, Laura un Marselino sadal\u012bja punktus uz pus\u0113m, savuk\u0101rt Liene savus punktus atdeva Madaram, saprotot, ka uz uzvaru vi\u0146a nepretend\u0113.<\/p>\n<p class=\"BodyA\">\u0145emot v\u0113r\u0101, ka Aleksandra zaud\u0113ja l\u012bderes poz\u012bciju, galarezult\u0101ti piedz\u012bvoja krietnas izmai\u0146as, un<\/p>\n<blockquote class=\"quote ck-widget\" contenteditable=\"false\">\n<p>uzvaru \u0161ov\u0101 izpeln\u012bj\u0101s Madars, ieg\u016bstot ce\u013cojumu uz \u0160rilanku div\u0101m person\u0101m, pazi\u0146ojot, ka l\u012bdzi \u0146ems savu m\u012b\u013coto sievieti Evel\u012bnu.<\/p>\n<\/blockquote>\n<p><img decoding=\"async\" class=\"figure__image\" onclick=\"triggerEvent('articleImageClick', { id: 17476866, focus: 'single-image', focusIndex: '17476866' })\" onkeydown=\"if (event.key === 'Enter') {&#10;        triggerEvent('articleImageClick', { id: 17476866, focus: 'single-image', focusIndex: '17476866' })&#10;        }\" role=\"button\" tabindex=\"0\" data-focus-from=\"single-image\" data-focus-index=\"17476866\" src=\"https:\/\/www.europesays.com\/lv\/wp-content\/uploads\/2026\/02\/17476866t1h37c1.jpg\"  onload=\"this.parentElement.classList.remove('figure__image-loading')\" alt=\"Madars un Evel\u012bna.\"\/>Madars un Evel\u012bna. Foto: Publicit\u0101tes foto<\/p>\n","protected":false},"excerpt":{"rendered":"P\u0113d\u0113j\u0101 &#8220;\u0160ovs p\u0113c \u0161ova 2&#8221; epizode sag\u0101d\u0101ja p\u0101rsteigumu dal\u012bbniekiem \u2013 jaunie uzdevumi noteica, kur\u0161 no dal\u012bbniekiem zaud\u0113s visus&hellip;\n","protected":false},"author":2,"featured_media":139701,"comment_status":"","ping_status":"","sticky":false,"template":"","format":"standard","meta":{"footnotes":"","_share_on_mastodon":"0"},"categories":[19],"tags":[89,90,35,39,38,36,37,34,40,23662],"class_list":["post-139700","post","type-post","status-publish","format-standard","has-post-thumbnail","category-izklaide","tag-entertainment","tag-izklaide","tag-latvia","tag-latvian","tag-latviesu","tag-latviesu-valoda","tag-latviesuvaloda","tag-latvija","tag-lv","tag-sovs-pec-sova"],"share_on_mastodon":{"url":"https:\/\/pubeurope.com\/@lv\/116131167151726742","error":""},"_links":{"self":[{"href":"https:\/\/www.europesays.com\/lv\/wp-json\/wp\/v2\/posts\/139700","targetHints":{"allow":["GET"]}}],"collection":[{"href":"https:\/\/www.europesays.com\/lv\/wp-json\/wp\/v2\/posts"}],"about":[{"href":"https:\/\/www.europesays.com\/lv\/wp-json\/wp\/v2\/types\/post"}],"author":[{"embeddable":true,"href":"https:\/\/www.europesays.com\/lv\/wp-json\/wp\/v2\/users\/2"}],"replies":[{"embeddable":true,"href":"https:\/\/www.europesays.com\/lv\/wp-json\/wp\/v2\/comments?post=139700"}],"version-history":[{"count":0,"href":"https:\/\/www.europesays.com\/lv\/wp-json\/wp\/v2\/posts\/139700\/revisions"}],"wp:featuredmedia":[{"embeddable":true,"href":"https:\/\/www.europesays.com\/lv\/wp-json\/wp\/v2\/media\/139701"}],"wp:attachment":[{"href":"https:\/\/www.europesays.com\/lv\/wp-json\/wp\/v2\/media?parent=139700"}],"wp:term":[{"taxonomy":"category","embeddable":true,"href":"https:\/\/www.europesays.com\/lv\/wp-json\/wp\/v2\/categories?post=139700"},{"taxonomy":"post_tag","embeddable":true,"href":"https:\/\/www.europesays.com\/lv\/wp-json\/wp\/v2\/tags?post=139700"}],"curies":[{"name":"wp","href":"https:\/\/api.w.org\/{rel}","templated":true}]}}